{"id":51886,"date":"2023-02-04T13:23:56","date_gmt":"2023-02-04T16:23:56","guid":{"rendered":"https:\/\/sectorprensa.com.ar\/?p=51886"},"modified":"2023-02-04T13:23:59","modified_gmt":"2023-02-04T16:23:59","slug":"precios-justos-nuevos-rubros-para-la-segunda-etapa","status":"publish","type":"post","link":"https:\/\/sectorprensa.com.ar\/?p=51886","title":{"rendered":"Precios Justos: nuevos rubros para la segunda etapa"},"content":{"rendered":"\n<h6 class=\"wp-block-heading\"><strong>Este viernes Sergio Massa, Ministro de Econom\u00eda, present\u00f3 la segunda etapa del programa incluir\u00e1 productos de la canasta escolar, entre otros.<\/strong><\/h6>\n\n\n\n<p>Sergio Massa, Ministro de Econom\u00eda de la Naci\u00f3n, anunci\u00f3 este viernes que Precios Justos se extender\u00e1 hasta junio de 2023 y que el promedio de mensual para el ajuste del 86% de los productos pasar\u00e1 de 4% a 3,2%. Sin embargo, esas no fueron todas las novedades ya que se agregaron nuevos rubros.<\/p>\n\n\n\n<p>Entre los m\u00e1s importantes, se encuentra la inclusi\u00f3n de la canasta escolar y las escuelas privadas. \u00abAlgunas provincias hab\u00edan autorizado aumentos de hasta 40% para marzo\u00bb, dijo Massa y agreg\u00f3 que \u00abse estableci\u00f3 un criterio \u00fanico para todo el pa\u00eds, que se anuncia el mi\u00e9rcoles que viene en el Consejo Federal de Educaci\u00f3n, que baja un 40% en promedio el aumento inicial y establece hasta el 30 de junio un sendero de 3,5% en el caso de los colegios\u00bb.<\/p>\n\n\n\n<p>Los dem\u00e1s sectores que se sumar\u00e1n al programa son celulares, bicicletas, consumo masivo, motos, calzado, indumentaria, hogar, construcci\u00f3n, industriales, medicamentos, textiles, peque\u00f1os electrodom\u00e9sticos y venta por cat\u00e1logo.<\/p>\n\n\n\n<p>En relaci\u00f3n al cumplimiento de la normativa, desde la Secretar\u00eda de Comercio supervisar\u00e1n en tiempo real con los software de Amazon y Arsat si las grandes empresas siguen el acuerdo realizado.<\/p>\n\n\n\n<figure class=\"wp-block-embed is-type-wp-embed is-provider-sector-prensa wp-block-embed-sector-prensa\"><div class=\"wp-block-embed__wrapper\">\n<blockquote class=\"wp-embedded-content\" data-secret=\"4vBWUpCLeG\"><a href=\"https:\/\/sectorprensa.com.ar\/2023\/02\/03\/la-provincia-presento-el-programa-de-promocion-y-desarrollo-turistico-bonaerense\/\">La Provincia present\u00f3 el Programa de Promoci\u00f3n y Desarrollo Tur\u00edstico Bonaerense<\/a><\/blockquote><iframe loading=\"lazy\" class=\"wp-embedded-content\" sandbox=\"allow-scripts\" security=\"restricted\" style=\"position: absolute; clip: rect(1px, 1px, 1px, 1px);\" title=\"\u00abLa Provincia present\u00f3 el Programa de Promoci\u00f3n y Desarrollo Tur\u00edstico Bonaerense\u00bb \u2014 Sector Prensa\" src=\"https:\/\/sectorprensa.com.ar\/2023\/02\/03\/la-provincia-presento-el-programa-de-promocion-y-desarrollo-turistico-bonaerense\/embed\/#?secret=jYkfWoi9Js#?secret=4vBWUpCLeG\" data-secret=\"4vBWUpCLeG\" width=\"600\" height=\"338\" frameborder=\"0\" marginwidth=\"0\" marginheight=\"0\" scrolling=\"no\"><\/iframe>\n<\/div><\/figure>\n\r\n","protected":false},"excerpt":{"rendered":"<p>Este viernes Sergio Massa, Ministro de Econom\u00eda, present\u00f3 la segunda etapa del programa incluir\u00e1 productos de la canasta escolar, entre<\/p>\n","protected":false},"author":1,"featured_media":51887,"comment_status":"closed","ping_status":"closed","sticky":false,"template":"","format":"standard","meta":{"colormag_page_container_layout":"default_layout","colormag_page_sidebar_layout":"default_layout","footnotes":""},"categories":[6828,8],"tags":[5564,7228,248],"class_list":["post-51886","post","type-post","status-publish","format-standard","has-post-thumbnail","hentry","category-mas-destacadas","category-politica","tag-economia","tag-precios-justos","tag-sergio-massa"],"_links":{"self":[{"href":"https:\/\/sectorprensa.com.ar\/index.php?rest_route=\/wp\/v2\/posts\/51886","targetHints":{"allow":["GET"]}}],"collection":[{"href":"https:\/\/sectorprensa.com.ar\/index.php?rest_route=\/wp\/v2\/posts"}],"about":[{"href":"https:\/\/sectorprensa.com.ar\/index.php?rest_route=\/wp\/v2\/types\/post"}],"author":[{"embeddable":true,"href":"https:\/\/sectorprensa.com.ar\/index.php?rest_route=\/wp\/v2\/users\/1"}],"replies":[{"embeddable":true,"href":"https:\/\/sectorprensa.com.ar\/index.php?rest_route=%2Fwp%2Fv2%2Fcomments&post=51886"}],"version-history":[{"count":1,"href":"https:\/\/sectorprensa.com.ar\/index.php?rest_route=\/wp\/v2\/posts\/51886\/revisions"}],"predecessor-version":[{"id":51888,"href":"https:\/\/sectorprensa.com.ar\/index.php?rest_route=\/wp\/v2\/posts\/51886\/revisions\/51888"}],"wp:featuredmedia":[{"embeddable":true,"href":"https:\/\/sectorprensa.com.ar\/index.php?rest_route=\/wp\/v2\/media\/51887"}],"wp:attachment":[{"href":"https:\/\/sectorprensa.com.ar\/index.php?rest_route=%2Fwp%2Fv2%2Fmedia&parent=51886"}],"wp:term":[{"taxonomy":"category","embeddable":true,"href":"https:\/\/sectorprensa.com.ar\/index.php?rest_route=%2Fwp%2Fv2%2Fcategories&post=51886"},{"taxonomy":"post_tag","embeddable":true,"href":"https:\/\/sectorprensa.com.ar\/index.php?rest_route=%2Fwp%2Fv2%2Ftags&post=51886"}],"curies":[{"name":"wp","href":"https:\/\/api.w.org\/{rel}","templated":true}]}}