{"id":52113,"date":"2023-02-12T11:03:00","date_gmt":"2023-02-12T14:03:00","guid":{"rendered":"https:\/\/sectorprensa.com.ar\/?p=52113"},"modified":"2023-02-14T02:04:46","modified_gmt":"2023-02-14T05:04:46","slug":"merlo-tendra-un-nuevo-centro-de-salud-mental","status":"publish","type":"post","link":"https:\/\/sectorprensa.com.ar\/?p=52113","title":{"rendered":"Merlo tendr\u00e1 un nuevo centro de salud mental"},"content":{"rendered":"\n<h6 class=\"wp-block-heading\"><strong>La Direcci\u00f3n de Salud Mental de Merlo contar\u00e1 con un centro destinado a la comunidad, para que accedan a los especialistas locales.<\/strong><\/h6>\n\n\n\n<p>En La Plata, se llev\u00f3 a cabo el acto de apertura de pliegos para la licitaci\u00f3n que permitir\u00e1 su construcci\u00f3n. En el mismo, participaron autoridades del sector de salud mental de la Provincia de Buenos Aires y Merlo, donde se determin\u00f3 la inversi\u00f3n para construir 14 centros, uno estar\u00e1 ubicado en el distrito.<\/p>\n\n\n\n<p>Estos centros ser\u00e1n espacios de cuidado y atenci\u00f3n de la Salud Mental, enfocados tambi\u00e9n en los consumos problem\u00e1ticos con base comunitaria, tendr\u00e1n un horario amplio y encuadre flexible con un fuerte componente en talleres culturales, de oficios y socio productivos, abordajes grupales y tareas de prevenci\u00f3n y promoci\u00f3n.<\/p>\n\n\n\n<p>En la jornada estuvieron presentes Julieta Calmels (Subsecretaria de Salud Mental, Consumos Problem\u00e1ticos y Violencias bonaerense), Maricel Wozniak (Directora de Salud Mental local), entre otros.<\/p>\n\r\n","protected":false},"excerpt":{"rendered":"<p>La Direcci\u00f3n de Salud Mental de Merlo contar\u00e1 con un centro destinado a la comunidad, para que accedan a los<\/p>\n","protected":false},"author":1,"featured_media":52114,"comment_status":"closed","ping_status":"closed","sticky":false,"template":"","format":"standard","meta":{"colormag_page_container_layout":"default_layout","colormag_page_sidebar_layout":"default_layout","footnotes":""},"categories":[17,7,1173,10],"tags":[25,4715],"class_list":["post-52113","post","type-post","status-publish","format-standard","has-post-thumbnail","hentry","category-destacadas","category-merlo","category-municipales","category-sociedad","tag-merlo","tag-salud-mental"],"_links":{"self":[{"href":"https:\/\/sectorprensa.com.ar\/index.php?rest_route=\/wp\/v2\/posts\/52113","targetHints":{"allow":["GET"]}}],"collection":[{"href":"https:\/\/sectorprensa.com.ar\/index.php?rest_route=\/wp\/v2\/posts"}],"about":[{"href":"https:\/\/sectorprensa.com.ar\/index.php?rest_route=\/wp\/v2\/types\/post"}],"author":[{"embeddable":true,"href":"https:\/\/sectorprensa.com.ar\/index.php?rest_route=\/wp\/v2\/users\/1"}],"replies":[{"embeddable":true,"href":"https:\/\/sectorprensa.com.ar\/index.php?rest_route=%2Fwp%2Fv2%2Fcomments&post=52113"}],"version-history":[{"count":1,"href":"https:\/\/sectorprensa.com.ar\/index.php?rest_route=\/wp\/v2\/posts\/52113\/revisions"}],"predecessor-version":[{"id":52115,"href":"https:\/\/sectorprensa.com.ar\/index.php?rest_route=\/wp\/v2\/posts\/52113\/revisions\/52115"}],"wp:featuredmedia":[{"embeddable":true,"href":"https:\/\/sectorprensa.com.ar\/index.php?rest_route=\/wp\/v2\/media\/52114"}],"wp:attachment":[{"href":"https:\/\/sectorprensa.com.ar\/index.php?rest_route=%2Fwp%2Fv2%2Fmedia&parent=52113"}],"wp:term":[{"taxonomy":"category","embeddable":true,"href":"https:\/\/sectorprensa.com.ar\/index.php?rest_route=%2Fwp%2Fv2%2Fcategories&post=52113"},{"taxonomy":"post_tag","embeddable":true,"href":"https:\/\/sectorprensa.com.ar\/index.php?rest_route=%2Fwp%2Fv2%2Ftags&post=52113"}],"curies":[{"name":"wp","href":"https:\/\/api.w.org\/{rel}","templated":true}]}}