{"id":52229,"date":"2023-02-18T00:02:00","date_gmt":"2023-02-18T03:02:00","guid":{"rendered":"https:\/\/sectorprensa.com.ar\/?p=52229"},"modified":"2023-02-18T16:59:29","modified_gmt":"2023-02-18T19:59:29","slug":"carnaval-en-hurlingham-domingo-y-lunes-con-shows-musicales-y-murgas","status":"publish","type":"post","link":"https:\/\/sectorprensa.com.ar\/?p=52229","title":{"rendered":"Carnaval en Hurlingham: Domingo y lunes con shows musicales y murgas"},"content":{"rendered":"\n<h6 class=\"wp-block-heading\"><strong>Los carnavales se festejar\u00e1n en Hurlingham con patio gastron\u00f3mico, murgas, y shows musicales.<\/strong><\/h6>\n\n\n\n<p>El domingo y el lunes se llevar\u00e1n a cabo los festejos de carnavales en Hurlingham. Los espect\u00e1culos tendr\u00e1n lugar a partir de las 18 horas, en el Predio del Palacio Municipal, ubicado en la Avenida Pedro D\u00edaz 1710. Con entrada libre y gratuita.<\/p>\n\n\n\n<p>Las celebraciones contar\u00e1n con la presentaci\u00f3n de murgas locales que colmar\u00e1n de ritmo, m\u00fasica y color los cors\u00f3dromos del distrito. Adem\u00e1s, habr\u00e1 shows musicales en vivo con grandes artistas y food trucks.<\/p>\n\n\n\n<p>El domingo 19, se presentar\u00e1 Jimmy y su Combo Negro, quien trae su movida tropical para bailar y divertirse.<\/p>\n\n\n\n<p>Mientras que el lunes 20, tocar\u00e1 la Orkesta Popular San Bomba (foto) y el artista SalasTkbron cerrar\u00e1 la jornada al ritmo de la cumbia. Ambos d\u00edas, tambi\u00e9n estar\u00e1n presentes las murgas y bandas locales.<\/p>\n\n\n\n<p>Por otra parte, el Municipio de Hurlingham propuso la campa\u00f1a de \u00abAlcohol Cero\u00bb durante los festejos municipales y gratuitos de los carnavales 2023. Por lo tanto, quedar\u00e1 prohibida la venta y el consumo de alcohol en los alrededores.<\/p>\n\n\n\n<p><\/p>\n\r\n","protected":false},"excerpt":{"rendered":"<p>Los carnavales se festejar\u00e1n en Hurlingham con patio gastron\u00f3mico, murgas, y shows musicales. El domingo y el lunes se llevar\u00e1n<\/p>\n","protected":false},"author":1,"featured_media":52230,"comment_status":"closed","ping_status":"closed","sticky":false,"template":"","format":"standard","meta":{"colormag_page_container_layout":"default_layout","colormag_page_sidebar_layout":"default_layout","footnotes":""},"categories":[9,6,1173],"tags":[989,46],"class_list":["post-52229","post","type-post","status-publish","format-standard","has-post-thumbnail","hentry","category-cultura","category-hurlingham","category-municipales","tag-carnaval","tag-hurlingham"],"_links":{"self":[{"href":"https:\/\/sectorprensa.com.ar\/index.php?rest_route=\/wp\/v2\/posts\/52229","targetHints":{"allow":["GET"]}}],"collection":[{"href":"https:\/\/sectorprensa.com.ar\/index.php?rest_route=\/wp\/v2\/posts"}],"about":[{"href":"https:\/\/sectorprensa.com.ar\/index.php?rest_route=\/wp\/v2\/types\/post"}],"author":[{"embeddable":true,"href":"https:\/\/sectorprensa.com.ar\/index.php?rest_route=\/wp\/v2\/users\/1"}],"replies":[{"embeddable":true,"href":"https:\/\/sectorprensa.com.ar\/index.php?rest_route=%2Fwp%2Fv2%2Fcomments&post=52229"}],"version-history":[{"count":1,"href":"https:\/\/sectorprensa.com.ar\/index.php?rest_route=\/wp\/v2\/posts\/52229\/revisions"}],"predecessor-version":[{"id":52231,"href":"https:\/\/sectorprensa.com.ar\/index.php?rest_route=\/wp\/v2\/posts\/52229\/revisions\/52231"}],"wp:featuredmedia":[{"embeddable":true,"href":"https:\/\/sectorprensa.com.ar\/index.php?rest_route=\/wp\/v2\/media\/52230"}],"wp:attachment":[{"href":"https:\/\/sectorprensa.com.ar\/index.php?rest_route=%2Fwp%2Fv2%2Fmedia&parent=52229"}],"wp:term":[{"taxonomy":"category","embeddable":true,"href":"https:\/\/sectorprensa.com.ar\/index.php?rest_route=%2Fwp%2Fv2%2Fcategories&post=52229"},{"taxonomy":"post_tag","embeddable":true,"href":"https:\/\/sectorprensa.com.ar\/index.php?rest_route=%2Fwp%2Fv2%2Ftags&post=52229"}],"curies":[{"name":"wp","href":"https:\/\/api.w.org\/{rel}","templated":true}]}}