{"id":52237,"date":"2023-02-18T10:30:00","date_gmt":"2023-02-18T13:30:00","guid":{"rendered":"https:\/\/sectorprensa.com.ar\/?p=52237"},"modified":"2023-02-19T10:25:59","modified_gmt":"2023-02-19T13:25:59","slug":"merlo-se-realizo-la-inscripcion-para-el-fines-ii-en-el-distrito","status":"publish","type":"post","link":"https:\/\/sectorprensa.com.ar\/?p=52237","title":{"rendered":"Merlo: se realiz\u00f3 la inscripci\u00f3n para el Fines II en el distrito"},"content":{"rendered":"\n<h6 class=\"wp-block-heading\"><strong>Por medio de la Subsecretar\u00eda de Educaci\u00f3n, se convoc\u00f3 a la primera jornada provincial de inclusi\u00f3n para finalizar los estudios primarios y secundarios en 18 puntos de Merlo.<\/strong><\/h6>\n\n\n\n<p>La jornada se llev\u00f3 adelante en la sede de la Subsecretar\u00eda de Educaci\u00f3n. Tambi\u00e9n en puntos como Plaza N\u00e9stor Kirchner (Merlo Centro), P. N\u00b013 (Pompeya), P. N\u00b033 (Merlo Norte), P. N\u00b046 (Parque San Martin), P. N\u00b062 (Parque San Martin), P. N\u00b071 (Agust\u00edn Ferrari ), P. N\u00b079 (Agust\u00edn Ferrari ), P. N\u00b032, P. N\u00b05 (Mariano Acosta), P. N\u00b058 (Pontevedra), SOEME, Asociaci\u00f3n Civil M. Dorrego, EPA 704, EP40 y EP28.<\/p>\n\n\n\n<p>\u00abEl fin es atraer m\u00e1s alumnos al programa para que puedan finalizar sus estudios\u201d, manifest\u00f3 Nahuel Tassi, Subsecretario de Educaci\u00f3n. \u00abEsta es una gesti\u00f3n que Gustavo y Karina Men\u00e9ndez apoyan desde el comienzo porque consideran que es fundamental que la poblaci\u00f3n se siga educando y tener m\u00e1s herramientas para el futuro\u201d, sostuvo.<\/p>\n\n\n\n<p>\u00abNuestro objetivo es restituir los derechos a nuestros j\u00f3venes, adultos y adultos mayores para que puedan reinsertarse en los estudios y poder tener diferentes herramientas en el \u00e1mbito laboral\u201d, mencion\u00f3 Cecilia Riegui, Subdirectora de Educaci\u00f3n y Coordinadora del Plan Fines.<\/p>\n\n\n\n<p>Cabe destacar, la inscripci\u00f3n permanecer\u00e1 abierta en el distrito hasta el 3 de marzo. Los requisitos son completar un formulario y presentar DNI y fotocopia, constancia de CUIL, partida de nacimiento y constancia de estudios alcanzados. Todo esto, deber\u00e1 ser presentado de lunes a viernes en la Subsecretar\u00eda de Educaci\u00f3n.<\/p>\n\n\n\n<figure class=\"wp-block-embed is-type-wp-embed is-provider-sector-prensa wp-block-embed-sector-prensa\"><div class=\"wp-block-embed__wrapper\">\n<blockquote class=\"wp-embedded-content\" data-secret=\"xEw0ENLbpA\"><a href=\"https:\/\/sectorprensa.com.ar\/2023\/02\/16\/merlo-se-desarrollo-el-encuentro-por-la-educacion-ambiental\/\">Merlo: se desarroll\u00f3 el encuentro por la educaci\u00f3n ambiental<\/a><\/blockquote><iframe loading=\"lazy\" class=\"wp-embedded-content\" sandbox=\"allow-scripts\" security=\"restricted\" style=\"position: absolute; clip: rect(1px, 1px, 1px, 1px);\" title=\"\u00abMerlo: se desarroll\u00f3 el encuentro por la educaci\u00f3n ambiental\u00bb \u2014 Sector Prensa\" src=\"https:\/\/sectorprensa.com.ar\/2023\/02\/16\/merlo-se-desarrollo-el-encuentro-por-la-educacion-ambiental\/embed\/#?secret=eQe3uHSazi#?secret=xEw0ENLbpA\" data-secret=\"xEw0ENLbpA\" width=\"600\" height=\"338\" frameborder=\"0\" marginwidth=\"0\" marginheight=\"0\" scrolling=\"no\"><\/iframe>\n<\/div><\/figure>\n\r\n","protected":false},"excerpt":{"rendered":"<p>Por medio de la Subsecretar\u00eda de Educaci\u00f3n, se convoc\u00f3 a la primera jornada provincial de inclusi\u00f3n para finalizar los estudios<\/p>\n","protected":false},"author":1,"featured_media":52238,"comment_status":"closed","ping_status":"closed","sticky":false,"template":"","format":"standard","meta":{"colormag_page_container_layout":"default_layout","colormag_page_sidebar_layout":"default_layout","footnotes":""},"categories":[7],"tags":[7502,25],"class_list":["post-52237","post","type-post","status-publish","format-standard","has-post-thumbnail","hentry","category-merlo","tag-fines-ii","tag-merlo"],"_links":{"self":[{"href":"https:\/\/sectorprensa.com.ar\/index.php?rest_route=\/wp\/v2\/posts\/52237","targetHints":{"allow":["GET"]}}],"collection":[{"href":"https:\/\/sectorprensa.com.ar\/index.php?rest_route=\/wp\/v2\/posts"}],"about":[{"href":"https:\/\/sectorprensa.com.ar\/index.php?rest_route=\/wp\/v2\/types\/post"}],"author":[{"embeddable":true,"href":"https:\/\/sectorprensa.com.ar\/index.php?rest_route=\/wp\/v2\/users\/1"}],"replies":[{"embeddable":true,"href":"https:\/\/sectorprensa.com.ar\/index.php?rest_route=%2Fwp%2Fv2%2Fcomments&post=52237"}],"version-history":[{"count":1,"href":"https:\/\/sectorprensa.com.ar\/index.php?rest_route=\/wp\/v2\/posts\/52237\/revisions"}],"predecessor-version":[{"id":52239,"href":"https:\/\/sectorprensa.com.ar\/index.php?rest_route=\/wp\/v2\/posts\/52237\/revisions\/52239"}],"wp:featuredmedia":[{"embeddable":true,"href":"https:\/\/sectorprensa.com.ar\/index.php?rest_route=\/wp\/v2\/media\/52238"}],"wp:attachment":[{"href":"https:\/\/sectorprensa.com.ar\/index.php?rest_route=%2Fwp%2Fv2%2Fmedia&parent=52237"}],"wp:term":[{"taxonomy":"category","embeddable":true,"href":"https:\/\/sectorprensa.com.ar\/index.php?rest_route=%2Fwp%2Fv2%2Fcategories&post=52237"},{"taxonomy":"post_tag","embeddable":true,"href":"https:\/\/sectorprensa.com.ar\/index.php?rest_route=%2Fwp%2Fv2%2Ftags&post=52237"}],"curies":[{"name":"wp","href":"https:\/\/api.w.org\/{rel}","templated":true}]}}