{"id":52242,"date":"2023-02-18T13:01:21","date_gmt":"2023-02-18T16:01:21","guid":{"rendered":"https:\/\/sectorprensa.com.ar\/?p=52242"},"modified":"2023-02-19T10:25:49","modified_gmt":"2023-02-19T13:25:49","slug":"inicio-de-clases-cuanto-costara-llenar-la-cartuchera-y-la-mochila","status":"publish","type":"post","link":"https:\/\/sectorprensa.com.ar\/?p=52242","title":{"rendered":"Inicio de clases: \u00bfCu\u00e1nto costar\u00e1 llenar la cartuchera y la mochila?"},"content":{"rendered":"\n<h6 class=\"wp-block-heading\"><strong>Antonio D\u00b4Ario, due\u00f1o de la Librer\u00eda Soles de Matera, grafic\u00f3 el panorama y mencion\u00f3 los valores los \u00fatiles para llenar la mochila y cartuchera.<\/strong><\/h6>\n\n\n\n<p>El inicio de las clases est\u00e1 cada vez m\u00e1s cerca, y la inflaci\u00f3n es un obst\u00e1culo a la hora de la canasta escolar. En ese contexto, Antonio D\u00b4Ario inform\u00f3 acerca de la lista de precios para completar la cartuchera y la mochila. La diferencia entre 2022 y el presente a\u00f1o, cu\u00e1nto cuesta la canasta m\u00e1s econ\u00f3mica y las ventas en su librer\u00eda, fueron los temas tratados en la entrevista.<\/p>\n\n\n\n<p>\u00abEl promedio de los precios es el doble del a\u00f1o pasado, un cien por ciento. Para completar una cartuchera se necesita unos cinco o seis mil pesos, depende la marca tambi\u00e9n, pero los econ\u00f3micos est\u00e1n a ese precio\u00bb, subray\u00f3 en di\u00e1logo con Radio B\u00fanker 94.9, en el \u00abTanke de B\u00fanker\u00bb (lunes a viernes, de 10 a 13hs).<\/p>\n\n\n\n<p>Los valores de los \u00fatiles para llenar la cartuchera y mochila: \u00abEl lapiz negro est\u00e1 entre 50 y 100 pesos, el decorado est\u00e1 entre 150 y 200 pesos. La caja de lapices de colores largos, los doce debe andar en los 400 pesos el m\u00e1s econ\u00f3mico, la marca l\u00edder 900 pesos. Una regla, por ejemplo, en 70 pesos. La goma de borra entre 70 y 150 pesos. Plasticola, hay varias marcas, pero la mas econ\u00f3mica vale 70 pesos. Los cuadernos de tapa dura, con hojas reforzadas de 90 gramos, vale de 490 a 900 pesos. En la cartuchera tambi\u00e9n hay que agregar la tijera, entre 350 y 500 pesos. Hay chicos que ya usan bol\u00edgrafo, tenemos de 350 a 690 pesos. Y el sacapuntas de pl\u00e1stico, sale 50 pesos, uno de metal 150 pesos y lo de formas unos 400 o 450 pesos\u00bb, indic\u00f3.<\/p>\n\n\n\n<p>\u00abLas licenciadas est\u00e1n desde 4.900 hasta 8.900 pesos. La m\u00e1s econ\u00f3mica, calculen unos mil pesos. M\u00e1s baratas van a encontrar pero para secundaria, est\u00e1 700 pesos\u00bb, agreg\u00f3 sobre la lista de precios.<\/p>\n\n\n\n<p>Los que requieren los alumnos de secundaria: \u00abun transportador est\u00e1 entre 100 y 120 pesos, los geom\u00e9tricos entre 300 y 750 pesos\u00bb, precis\u00f3.<\/p>\n\n\n\n<p>La carpeta, otro de los elementos fundamentales en el momento de cursar el ciclo lectivo, asegur\u00f3 que \u00ablas pvc se encuentran entre 790 y 1.200 pesos\u00bb. \u00abLas que vienen con personajes, hablamos de 1.390 a 2.500 o 3.500 pesos\u00bb, a\u00f1adi\u00f3.<\/p>\n\n\n\n<p>Los repuestos de hojas: \u00abTenemos en oferta los repuestos de \u00c9xito por 480 a 2.690 pesos. Normalmente trabajamos esa marca, porque es la l\u00edder. Despu\u00e9s, las hojas Gloria de 400 est\u00e1n 1.500 pesos\u00bb, destac\u00f3.<\/p>\n\n\n\n<p>La canasta econ\u00f3mica: \u00abLas mochilas, van de 14 mil para arriba para ssecundario y 20, 23 mil para primaria. Con carrito,entre 30 y 35 mil pesos. Las m\u00e1s baratas son de cinco mil pesos, pero no es la misma calidad. Sumando todo, la canasta m\u00e1s econ\u00f3mica est\u00e1 arriba de los 25 mil pesos. Con productos licenciados y dem\u00e1s, son unos 100 mil\u00bb, dijo.<\/p>\n\n\n\n<p>Las ventas: \u00abSe siente la baja, preguntan los precios y m\u00e1s econ\u00f3mico. No son las ventas que ten\u00edamos antiguamente\u00bb, concluy\u00f3.<\/p>\n\n\n\n<figure class=\"wp-block-embed is-type-wp-embed is-provider-sector-prensa wp-block-embed-sector-prensa\"><div class=\"wp-block-embed__wrapper\">\n<blockquote class=\"wp-embedded-content\" data-secret=\"fcejeQrXBQ\"><a href=\"https:\/\/sectorprensa.com.ar\/2023\/02\/14\/quienes-cobraran-el-bono-de-15-mil-pesos\/\">\u00bfQui\u00e9nes cobrar\u00e1n el bono de 15 mil pesos?<\/a><\/blockquote><iframe loading=\"lazy\" class=\"wp-embedded-content\" sandbox=\"allow-scripts\" security=\"restricted\" style=\"position: absolute; clip: rect(1px, 1px, 1px, 1px);\" title=\"\u00ab\u00bfQui\u00e9nes cobrar\u00e1n el bono de 15 mil pesos?\u00bb \u2014 Sector Prensa\" src=\"https:\/\/sectorprensa.com.ar\/2023\/02\/14\/quienes-cobraran-el-bono-de-15-mil-pesos\/embed\/#?secret=Z3K1Hfl3HS#?secret=fcejeQrXBQ\" data-secret=\"fcejeQrXBQ\" width=\"600\" height=\"338\" frameborder=\"0\" marginwidth=\"0\" marginheight=\"0\" scrolling=\"no\"><\/iframe>\n<\/div><\/figure>\n\r\n","protected":false},"excerpt":{"rendered":"<p>Antonio D\u00b4Ario, due\u00f1o de la Librer\u00eda Soles de Matera, grafic\u00f3 el panorama y mencion\u00f3 los valores los \u00fatiles para llenar<\/p>\n","protected":false},"author":1,"featured_media":52243,"comment_status":"closed","ping_status":"closed","sticky":false,"template":"","format":"standard","meta":{"colormag_page_container_layout":"default_layout","colormag_page_sidebar_layout":"default_layout","footnotes":""},"categories":[17,6828,10],"tags":[7503,7505,7504],"class_list":["post-52242","post","type-post","status-publish","format-standard","has-post-thumbnail","hentry","category-destacadas","category-mas-destacadas","category-sociedad","tag-antonio-dario","tag-canasta-escolar","tag-soles-de-matera"],"_links":{"self":[{"href":"https:\/\/sectorprensa.com.ar\/index.php?rest_route=\/wp\/v2\/posts\/52242","targetHints":{"allow":["GET"]}}],"collection":[{"href":"https:\/\/sectorprensa.com.ar\/index.php?rest_route=\/wp\/v2\/posts"}],"about":[{"href":"https:\/\/sectorprensa.com.ar\/index.php?rest_route=\/wp\/v2\/types\/post"}],"author":[{"embeddable":true,"href":"https:\/\/sectorprensa.com.ar\/index.php?rest_route=\/wp\/v2\/users\/1"}],"replies":[{"embeddable":true,"href":"https:\/\/sectorprensa.com.ar\/index.php?rest_route=%2Fwp%2Fv2%2Fcomments&post=52242"}],"version-history":[{"count":1,"href":"https:\/\/sectorprensa.com.ar\/index.php?rest_route=\/wp\/v2\/posts\/52242\/revisions"}],"predecessor-version":[{"id":52244,"href":"https:\/\/sectorprensa.com.ar\/index.php?rest_route=\/wp\/v2\/posts\/52242\/revisions\/52244"}],"wp:featuredmedia":[{"embeddable":true,"href":"https:\/\/sectorprensa.com.ar\/index.php?rest_route=\/wp\/v2\/media\/52243"}],"wp:attachment":[{"href":"https:\/\/sectorprensa.com.ar\/index.php?rest_route=%2Fwp%2Fv2%2Fmedia&parent=52242"}],"wp:term":[{"taxonomy":"category","embeddable":true,"href":"https:\/\/sectorprensa.com.ar\/index.php?rest_route=%2Fwp%2Fv2%2Fcategories&post=52242"},{"taxonomy":"post_tag","embeddable":true,"href":"https:\/\/sectorprensa.com.ar\/index.php?rest_route=%2Fwp%2Fv2%2Ftags&post=52242"}],"curies":[{"name":"wp","href":"https:\/\/api.w.org\/{rel}","templated":true}]}}