{"id":52614,"date":"2023-03-08T20:34:38","date_gmt":"2023-03-08T23:34:38","guid":{"rendered":"https:\/\/sectorprensa.com.ar\/?p=52614"},"modified":"2023-03-08T20:34:39","modified_gmt":"2023-03-08T23:34:39","slug":"mariel-fernandez-reinauguro-la-casa-joven-de-cuartel-v","status":"publish","type":"post","link":"https:\/\/sectorprensa.com.ar\/?p=52614","title":{"rendered":"<strong>Mariel Fern\u00e1ndez reinaugur\u00f3 la Casa Joven de Cuartel V<\/strong>"},"content":{"rendered":"\n<h6 class=\"wp-block-heading\"><strong>Con el objetivo de mejorar las condiciones del espacio, se realizaron refacciones sanitarias, el\u00e9ctricas y de pintura.<\/strong><\/h6>\n\n\n\n<p>La intendenta de Moreno, Mariel Fern\u00e1ndez, reinaugur\u00f3 la Casa Joven de Cuartel V acompa\u00f1ada de las y los j\u00f3venes que asisten, vecinas y vecinos del barrio y autoridades municipales.<\/p>\n\n\n\n<p>A trav\u00e9s de la Secretar\u00eda de Obras y Servicios P\u00fablicos, se realizaron refacciones sanitarias, el\u00e9ctricas y de pintura para mejorar las condiciones y embellecer el espacio que utiliza la comunidad. Entre otras tareas, se realiz\u00f3 el revestimiento y colocaci\u00f3n de sanitarios; la instalaci\u00f3n de pisos; pintura en muros interiores y cielorraso; y cambio y ampliaci\u00f3n del circuito el\u00e9ctrico.<\/p>\n\n\n\n<p>La Casa est\u00e1 ubicada en el Teatro y Disc\u00e9polo en barrio Anderson, donde asisten entre 70 y 90 j\u00f3venes por mes. All\u00ed el Municipio, a trav\u00e9s de la Direcci\u00f3n de Juventudes, brinda distintas actividades y a partir del mes de abril ampliar\u00e1 la oferta con nuevos cursos, clases y talleres de formaci\u00f3n laboral y art\u00edsticos. Adem\u00e1s, tambi\u00e9n se realizan actividades para infancias y personas mayores.\ufeff<\/p>\n\n\n\n<p>\ufeff\u201cMe da mucha alegr\u00eda que puedan disfrutar de este espacio y que sigamos mejor\u00e1ndolo y llen\u00e1ndolo de actividades educativas, recreativas y culturales para que nuestras y nuestros j\u00f3venes tengan espacios saludables donde puedan estar y ser acompa\u00f1ados\u201d, expres\u00f3 la intendenta durante la reinauguraci\u00f3n y alent\u00f3 a las y los j\u00f3venes a participar, acompa\u00f1arse y ayudarse. \u201cCuando estamos en comunidad, las cosas son m\u00e1s f\u00e1ciles y los problemas los compartimos\u201d, destac\u00f3.<\/p>\n\n\n\n<p>Durante la jornada, hubo shows de bandas locales y murgas y desfile de centros tradicionalistas. Tambi\u00e9n estuvieron presentes la secretaria de Cultura, Educaci\u00f3n y Deportes, Cynthia Mu\u00f1oz y el director de Juventudes, Le\u00f3n Castro.<\/p>\n\n\n\n<figure class=\"wp-block-embed is-type-rich is-provider-twitter wp-block-embed-twitter\"><div class=\"wp-block-embed__wrapper\">\n<blockquote class=\"twitter-tweet\" data-width=\"550\" data-dnt=\"true\"><p lang=\"es\" dir=\"ltr\">En estos espacios se realizan actividades educativas, recreativas y culturales, y est\u00e1n a disposici\u00f3n de aquellas y aquellos j\u00f3venes que no cuentan con las condiciones para vivir dignamente. <a href=\"https:\/\/t.co\/FN2ywbqZH1\">pic.twitter.com\/FN2ywbqZH1<\/a><\/p>&mdash; Moreno (@MorenoMunicip) <a href=\"https:\/\/twitter.com\/MorenoMunicip\/status\/1632364740067352578?ref_src=twsrc%5Etfw\">March 5, 2023<\/a><\/blockquote><script async src=\"https:\/\/platform.twitter.com\/widgets.js\" charset=\"utf-8\"><\/script>\n<\/div><\/figure>\n\r\n","protected":false},"excerpt":{"rendered":"<p>Con el objetivo de mejorar las condiciones del espacio, se realizaron refacciones sanitarias, el\u00e9ctricas y de pintura. La intendenta de<\/p>\n","protected":false},"author":1,"featured_media":52615,"comment_status":"closed","ping_status":"closed","sticky":false,"template":"","format":"standard","meta":{"colormag_page_container_layout":"default_layout","colormag_page_sidebar_layout":"default_layout","footnotes":""},"categories":[2154,1173],"tags":[7562,2327,2898,437],"class_list":["post-52614","post","type-post","status-publish","format-standard","has-post-thumbnail","hentry","category-moreno","category-municipales","tag-casa-joven","tag-cuartel-v","tag-mariel-fernandez","tag-moreno"],"_links":{"self":[{"href":"https:\/\/sectorprensa.com.ar\/index.php?rest_route=\/wp\/v2\/posts\/52614","targetHints":{"allow":["GET"]}}],"collection":[{"href":"https:\/\/sectorprensa.com.ar\/index.php?rest_route=\/wp\/v2\/posts"}],"about":[{"href":"https:\/\/sectorprensa.com.ar\/index.php?rest_route=\/wp\/v2\/types\/post"}],"author":[{"embeddable":true,"href":"https:\/\/sectorprensa.com.ar\/index.php?rest_route=\/wp\/v2\/users\/1"}],"replies":[{"embeddable":true,"href":"https:\/\/sectorprensa.com.ar\/index.php?rest_route=%2Fwp%2Fv2%2Fcomments&post=52614"}],"version-history":[{"count":1,"href":"https:\/\/sectorprensa.com.ar\/index.php?rest_route=\/wp\/v2\/posts\/52614\/revisions"}],"predecessor-version":[{"id":52616,"href":"https:\/\/sectorprensa.com.ar\/index.php?rest_route=\/wp\/v2\/posts\/52614\/revisions\/52616"}],"wp:featuredmedia":[{"embeddable":true,"href":"https:\/\/sectorprensa.com.ar\/index.php?rest_route=\/wp\/v2\/media\/52615"}],"wp:attachment":[{"href":"https:\/\/sectorprensa.com.ar\/index.php?rest_route=%2Fwp%2Fv2%2Fmedia&parent=52614"}],"wp:term":[{"taxonomy":"category","embeddable":true,"href":"https:\/\/sectorprensa.com.ar\/index.php?rest_route=%2Fwp%2Fv2%2Fcategories&post=52614"},{"taxonomy":"post_tag","embeddable":true,"href":"https:\/\/sectorprensa.com.ar\/index.php?rest_route=%2Fwp%2Fv2%2Ftags&post=52614"}],"curies":[{"name":"wp","href":"https:\/\/api.w.org\/{rel}","templated":true}]}}