{"id":52673,"date":"2023-03-10T11:45:36","date_gmt":"2023-03-10T14:45:36","guid":{"rendered":"https:\/\/sectorprensa.com.ar\/?p=52673"},"modified":"2023-03-10T11:45:38","modified_gmt":"2023-03-10T14:45:38","slug":"karina-menendez-queremos-un-estado-eficiente-inteligente-inclusivo-y-solidario","status":"publish","type":"post","link":"https:\/\/sectorprensa.com.ar\/?p=52673","title":{"rendered":"Karina Men\u00e9ndez: \u201cQueremos un estado eficiente, inteligente, inclusivo y solidario\u201d"},"content":{"rendered":"\n<h6 class=\"wp-block-heading\"><strong>La Intendenta dio inicio al periodo de Sesiones Ordinarias del Honorable Concejo Deliberante de Merlo acompa\u00f1ada por Gustavo Men\u00e9ndez.<\/strong><\/h6>\n\n\n\n<p>Con un discurso enfocado en las obras realizadas durante el 2022 y los proyectos para el futuro, la Jefa comunal remarc\u00f3 la posibilidad de iniciar un nuevo per\u00edodo de sesiones recordando los 40 a\u00f1os de democracia.<\/p>\n\n\n\n<p>\u201cCumplimos con la palabra empe\u00f1ada y queremos ser protagonistas constantes de la transformaci\u00f3n en marcha, porque Merlo es nuestra casa com\u00fan. No queremos un estado chico, queremos un estado eficiente, inteligente, inclusivo y solidario. Ese estado que le da una mano al ca\u00eddo y cumple una misi\u00f3n trascendental en la construcci\u00f3n de la justicia social\u201d, inici\u00f3 la Intendenta.<\/p>\n\n\n\n<p>Entre lo destacado del \u00faltimo a\u00f1o, la mandataria merlense se refiri\u00f3 a la finalizaci\u00f3n de pavimentos, obras hidr\u00e1ulicas, creaci\u00f3n de puestos de trabajo, instalaci\u00f3n de c\u00e1maras y paradas seguras, as\u00ed como tambi\u00e9n la tarea de las diferentes \u00e1reas del Municipio.<\/p>\n\n\n\n<p>En cuanto a los desaf\u00edos para este 2023, Karina Men\u00e9ndez anunci\u00f3 la finalizaci\u00f3n del Hospital de Mariano Acosta, la creaci\u00f3n del campus universitario de la UNO, la refacci\u00f3n de 3 escuelas abandonadas y la pronta inauguraci\u00f3n de un Hospital Universitario, entre otras cosas.<\/p>\n\n\n\n<p>\u201cLa \u00fanica herramienta transformadora es la pol\u00edtica, llegar a cada uno de esos barrios, donde la gente no tiene posibilidades, poder estar m\u00e1s presente, con cada obra transformadora que genera puestos de trabajo\u201d, concluy\u00f3 la mandataria.<\/p>\n\n\n\n<p>Por su parte, el presidente del Grupo Provincia, Gustavo Men\u00e9ndez expres\u00f3 que \u201cel discurso de Karina fue para rendirle cuentas al pueblo de Merlo, de lo que se hizo y se har\u00e1 en el distrito. Adem\u00e1s, fue muy comprometido y esto nos permite ver el futuro con esperanzas a pesar de las dificultades\u201d.<\/p>\n\n\n\n<p>Con respecto a las obras en materia de salud subray\u00f3: \u201cEn toda la historia de Merlo se construyeron 3 hospitales: el Eva Per\u00f3n, el de Pontevedra, y el Hospital Pedro Chutro. Nosotros en ocho a\u00f1os construimos el Hospital Odonto-Oftalmol\u00f3gico, el nuevo edificio del hospital Eva\u00a0 Per\u00f3n, el hospital Universitario y el Nuevo hospital de Mariano Acosta, y todo, con fondos municipales, eso demuestra que cuando se quiere se puede\u201d.\u00a0<\/p>\n\n\n\n<p>Asimismo, Men\u00e9ndez subray\u00f3 \u201cla cantidad de puestos de trabajos directos e indirectos que se est\u00e1n generando con la Feria del Encuentro Cultural, con las dos penitenciarias, la alcald\u00eda y la apertura de ANSES y el departamento judicial, en el lapso de un a\u00f1o se consiguieron m\u00e1s de 10 mil puestos de trabajo directos e indirectos\u201d.<\/p>\n\n\n\n<p>Por otro lado, se realiz\u00f3 un homenaje a la recientemente fallecida Directora de Derechos Humanos, Marcela Maidana, donde los familiares presentes recibieron una placa en su memoria.<\/p>\n\n\n\n<p>En la jornada estuvieron presentes concejales, secretarios y directores de todas las \u00e1reas del Municipio y el Ministro de Trabajo de la Provincia de Buenos Aires, Walter Correa.<\/p>\n\n\n\n<figure class=\"wp-block-embed is-type-wp-embed is-provider-sector-prensa wp-block-embed-sector-prensa\"><div class=\"wp-block-embed__wrapper\">\n<blockquote class=\"wp-embedded-content\" data-secret=\"96z5hwlCdC\"><a href=\"https:\/\/sectorprensa.com.ar\/2023\/03\/09\/merlo-caminata-por-el-dia-internacional-de-la-mujer\/\">Merlo: caminata por el D\u00eda Internacional de la Mujer<\/a><\/blockquote><iframe loading=\"lazy\" class=\"wp-embedded-content\" sandbox=\"allow-scripts\" security=\"restricted\" style=\"position: absolute; clip: rect(1px, 1px, 1px, 1px);\" title=\"\u00abMerlo: caminata por el D\u00eda Internacional de la Mujer\u00bb \u2014 Sector Prensa\" src=\"https:\/\/sectorprensa.com.ar\/2023\/03\/09\/merlo-caminata-por-el-dia-internacional-de-la-mujer\/embed\/#?secret=wjnJrcfMtq#?secret=96z5hwlCdC\" data-secret=\"96z5hwlCdC\" width=\"600\" height=\"338\" frameborder=\"0\" marginwidth=\"0\" marginheight=\"0\" scrolling=\"no\"><\/iframe>\n<\/div><\/figure>\n\r\n","protected":false},"excerpt":{"rendered":"<p>La Intendenta dio inicio al periodo de Sesiones Ordinarias del Honorable Concejo Deliberante de Merlo acompa\u00f1ada por Gustavo Men\u00e9ndez. Con<\/p>\n","protected":false},"author":6,"featured_media":52674,"comment_status":"closed","ping_status":"closed","sticky":false,"template":"","format":"standard","meta":{"colormag_page_container_layout":"default_layout","colormag_page_sidebar_layout":"default_layout","footnotes":""},"categories":[17,7,8],"tags":[1337,2665,2666,245,4276],"class_list":["post-52673","post","type-post","status-publish","format-standard","has-post-thumbnail","hentry","category-destacadas","category-merlo","category-politica","tag-apertura-de-sesiones","tag-gustavo-menendez-2","tag-hcd-merlo","tag-karina-menendez","tag-sesiones-ordinarias"],"_links":{"self":[{"href":"https:\/\/sectorprensa.com.ar\/index.php?rest_route=\/wp\/v2\/posts\/52673","targetHints":{"allow":["GET"]}}],"collection":[{"href":"https:\/\/sectorprensa.com.ar\/index.php?rest_route=\/wp\/v2\/posts"}],"about":[{"href":"https:\/\/sectorprensa.com.ar\/index.php?rest_route=\/wp\/v2\/types\/post"}],"author":[{"embeddable":true,"href":"https:\/\/sectorprensa.com.ar\/index.php?rest_route=\/wp\/v2\/users\/6"}],"replies":[{"embeddable":true,"href":"https:\/\/sectorprensa.com.ar\/index.php?rest_route=%2Fwp%2Fv2%2Fcomments&post=52673"}],"version-history":[{"count":1,"href":"https:\/\/sectorprensa.com.ar\/index.php?rest_route=\/wp\/v2\/posts\/52673\/revisions"}],"predecessor-version":[{"id":52675,"href":"https:\/\/sectorprensa.com.ar\/index.php?rest_route=\/wp\/v2\/posts\/52673\/revisions\/52675"}],"wp:featuredmedia":[{"embeddable":true,"href":"https:\/\/sectorprensa.com.ar\/index.php?rest_route=\/wp\/v2\/media\/52674"}],"wp:attachment":[{"href":"https:\/\/sectorprensa.com.ar\/index.php?rest_route=%2Fwp%2Fv2%2Fmedia&parent=52673"}],"wp:term":[{"taxonomy":"category","embeddable":true,"href":"https:\/\/sectorprensa.com.ar\/index.php?rest_route=%2Fwp%2Fv2%2Fcategories&post=52673"},{"taxonomy":"post_tag","embeddable":true,"href":"https:\/\/sectorprensa.com.ar\/index.php?rest_route=%2Fwp%2Fv2%2Ftags&post=52673"}],"curies":[{"name":"wp","href":"https:\/\/api.w.org\/{rel}","templated":true}]}}