{"id":52676,"date":"2023-03-13T06:05:00","date_gmt":"2023-03-13T09:05:00","guid":{"rendered":"https:\/\/sectorprensa.com.ar\/?p=52676"},"modified":"2023-03-16T14:57:42","modified_gmt":"2023-03-16T17:57:42","slug":"moreno-se-realizaran-operativos-de-documentacion","status":"publish","type":"post","link":"https:\/\/sectorprensa.com.ar\/?p=52676","title":{"rendered":"Moreno: se realizar\u00e1n operativos de documentaci\u00f3n"},"content":{"rendered":"\n<h6 class=\"wp-block-heading\"><strong>Del 14 al 17 de marzo de 9 a 15 horas en distintas localidades del Municipio.<\/strong><\/h6>\n\n\n\n<p>El Municipio de Moreno, a trav\u00e9s de la Secretaria de Justicia y Derechos Humanos y en articulaci\u00f3n con el Registro Provincial de las Personas realizar\u00e1 operativos de documentaci\u00f3n desde el 14 hasta el 17 de marzo de 9 a 15 horas.<\/p>\n\n\n\n<p>En estas jornadas se podr\u00e1 gestionar la renovaci\u00f3n del Documento Nacional de Identidad o la actualizaci\u00f3n del mismo con el cambio de domicilio, y tr\u00e1mites de declaraci\u00f3n jurada de domicilio.<\/p>\n\n\n\n<p>Los operativos est\u00e1n destinadas a personas argentinas y extranjeras con residencia permanente. Adem\u00e1s, para las y los vecinos extranjeros que necesiten gestionar tramites tambi\u00e9n funcionar\u00e1 la oficina de atenci\u00f3n al migrante para acompa\u00f1ar las consultas correspondientes.<\/p>\n\n\n\n<p><strong>D\u00edas, horarios y ubicaciones de los operativos<\/strong><\/p>\n\n\n\n<p>El&nbsp;<strong>martes 14 de marzo<\/strong>&nbsp;el operativo documentaci\u00f3n funcionar\u00e1 en la plaza 5 de enero, de la localidad de Cuartel V, ubicada en Monroe y Valent\u00edn G\u00f3mez.<\/p>\n\n\n\n<p>Mientras que el<strong>&nbsp;mi\u00e9rcoles 15 de marzo<\/strong>&nbsp;tendr\u00e1 lugar en la Capilla San Cayetano, en la localidad de Paso del Rey, ubicada en Dean Funes y Bongiovanni.<\/p>\n\n\n\n<p>Adem\u00e1s, el&nbsp;<strong>jueves 16 de marzo<\/strong>&nbsp;se realizar\u00e1 en la plaza Santa Br\u00edgida de la localidad de Trujui, en la calle Rep\u00fablica Argentina entre Ricardo Guiraldes y Pedro de Mendoza.<\/p>\n\n\n\n<p>Y las jornadas finalizar\u00e1n el&nbsp;<strong>viernes 17 de marzo<\/strong>&nbsp;en la plaza San Jorge en el barrio Maril\u00f3 de la localidad de Trujui, ubicada en Pinz\u00f3n y Defensa.<\/p>\n\n\n\n<figure class=\"wp-block-embed is-type-wp-embed is-provider-sector-prensa wp-block-embed-sector-prensa\"><div class=\"wp-block-embed__wrapper\">\n<blockquote class=\"wp-embedded-content\" data-secret=\"sX1ih1a3fP\"><a href=\"https:\/\/sectorprensa.com.ar\/2023\/03\/09\/el-municipio-de-moreno-suma-una-nueva-planta-asfaltica\/\">El Municipio de Moreno suma una nueva planta asf\u00e1ltica<\/a><\/blockquote><iframe loading=\"lazy\" class=\"wp-embedded-content\" sandbox=\"allow-scripts\" security=\"restricted\" style=\"position: absolute; clip: rect(1px, 1px, 1px, 1px);\" title=\"\u00ab&lt;strong&gt;El Municipio de Moreno suma una nueva planta asf\u00e1ltica&lt;\/strong&gt;\u00bb \u2014 Sector Prensa\" src=\"https:\/\/sectorprensa.com.ar\/2023\/03\/09\/el-municipio-de-moreno-suma-una-nueva-planta-asfaltica\/embed\/#?secret=fVetMdPpfC#?secret=sX1ih1a3fP\" data-secret=\"sX1ih1a3fP\" width=\"600\" height=\"338\" frameborder=\"0\" marginwidth=\"0\" marginheight=\"0\" scrolling=\"no\"><\/iframe>\n<\/div><\/figure>\n\r\n","protected":false},"excerpt":{"rendered":"<p>Del 14 al 17 de marzo de 9 a 15 horas en distintas localidades del Municipio. El Municipio de Moreno,<\/p>\n","protected":false},"author":6,"featured_media":40851,"comment_status":"closed","ping_status":"closed","sticky":false,"template":"","format":"standard","meta":{"colormag_page_container_layout":"default_layout","colormag_page_sidebar_layout":"default_layout","footnotes":""},"categories":[17,2154,1173,10],"tags":[7081,3557],"class_list":["post-52676","post","type-post","status-publish","format-standard","has-post-thumbnail","hentry","category-destacadas","category-moreno","category-municipales","category-sociedad","tag-documentacion","tag-tramites"],"_links":{"self":[{"href":"https:\/\/sectorprensa.com.ar\/index.php?rest_route=\/wp\/v2\/posts\/52676","targetHints":{"allow":["GET"]}}],"collection":[{"href":"https:\/\/sectorprensa.com.ar\/index.php?rest_route=\/wp\/v2\/posts"}],"about":[{"href":"https:\/\/sectorprensa.com.ar\/index.php?rest_route=\/wp\/v2\/types\/post"}],"author":[{"embeddable":true,"href":"https:\/\/sectorprensa.com.ar\/index.php?rest_route=\/wp\/v2\/users\/6"}],"replies":[{"embeddable":true,"href":"https:\/\/sectorprensa.com.ar\/index.php?rest_route=%2Fwp%2Fv2%2Fcomments&post=52676"}],"version-history":[{"count":2,"href":"https:\/\/sectorprensa.com.ar\/index.php?rest_route=\/wp\/v2\/posts\/52676\/revisions"}],"predecessor-version":[{"id":52694,"href":"https:\/\/sectorprensa.com.ar\/index.php?rest_route=\/wp\/v2\/posts\/52676\/revisions\/52694"}],"wp:featuredmedia":[{"embeddable":true,"href":"https:\/\/sectorprensa.com.ar\/index.php?rest_route=\/wp\/v2\/media\/40851"}],"wp:attachment":[{"href":"https:\/\/sectorprensa.com.ar\/index.php?rest_route=%2Fwp%2Fv2%2Fmedia&parent=52676"}],"wp:term":[{"taxonomy":"category","embeddable":true,"href":"https:\/\/sectorprensa.com.ar\/index.php?rest_route=%2Fwp%2Fv2%2Fcategories&post=52676"},{"taxonomy":"post_tag","embeddable":true,"href":"https:\/\/sectorprensa.com.ar\/index.php?rest_route=%2Fwp%2Fv2%2Ftags&post=52676"}],"curies":[{"name":"wp","href":"https:\/\/api.w.org\/{rel}","templated":true}]}}