{"id":52878,"date":"2023-03-24T20:10:34","date_gmt":"2023-03-24T23:10:34","guid":{"rendered":"https:\/\/sectorprensa.com.ar\/?p=52878"},"modified":"2023-03-24T20:10:35","modified_gmt":"2023-03-24T23:10:35","slug":"video-moreno-presos-mantuvieron-de-rehen-a-un-policia-durante-un-motin-en-una-comisaria","status":"publish","type":"post","link":"https:\/\/sectorprensa.com.ar\/?p=52878","title":{"rendered":"<strong>[Video] Moreno: presos mantuvieron de reh\u00e9n a un polic\u00eda durante un mot\u00edn en una comisar\u00eda<\/strong>"},"content":{"rendered":"\n<h6 class=\"wp-block-heading\"><strong>Ocurri\u00f3 en la comisar\u00eda 4ta. de Cuartel V. Los presos reclamaban mejores condiciones de alojamiento y traslado a otras dependencias.<\/strong><\/h6>\n\n\n\n<p>Al menos 30 presos de una comisar\u00eda del partido de Moreno se amotinaron este jueves por la tarde y mantuvieron de reh\u00e9n a un polic\u00eda de dicha seccional, al que liberaron luego de cinco horas, en reclamo de mejores condiciones de alojamiento y del traslado a otras dependencias.<\/p>\n\n\n\n<p>El hecho se inici\u00f3 minutos antes de las 17 en la comisar\u00eda Moreno 4ta. de Cuartel V, ubicada en Colectora Hip\u00f3lito Yrigoyen y Gutenberg.<\/p>\n\n\n\n<figure class=\"wp-block-embed is-type-video is-provider-youtube wp-block-embed-youtube wp-embed-aspect-16-9 wp-has-aspect-ratio\"><div class=\"wp-block-embed__wrapper\">\n<iframe loading=\"lazy\" title=\"Mot\u00edn y toma de reh\u00e9n en la comisar\u00eda de Cuartel V: Habla el polic\u00eda capturado por los detenidos\" width=\"800\" height=\"450\" src=\"https:\/\/www.youtube.com\/embed\/EP1HPlb3G1k?feature=oembed\" frameborder=\"0\" allow=\"accelerometer; autoplay; clipboard-write; encrypted-media; gyroscope; picture-in-picture; web-share\" allowfullscreen><\/iframe>\n<\/div><\/figure>\n\n\n\n<p>Alrededor de 30 presos de dicha seccional se encontraban amotinados y con un efectivo de reh\u00e9n, en reclamo de mejores condiciones de alojamiento y exig\u00edan ser trasladados a otras dependencias.<\/p>\n\n\n\n<p>En un video enviado a los familiares de los internos, y publicado por el portal Semanarioactualidad.com.ar, el polic\u00eda de reh\u00e9n asegur\u00f3 que estaba \u201ctodo bien\u201d y que no le hac\u00edan \u201cnada\u201d.<\/p>\n\n\n\n<figure class=\"wp-block-embed is-type-video is-provider-youtube wp-block-embed-youtube wp-embed-aspect-16-9 wp-has-aspect-ratio\"><div class=\"wp-block-embed__wrapper\">\n<iframe loading=\"lazy\" title=\"As\u00ed est\u00e1n los detenidos dentro de los calabozos de la comisar\u00eda de Cuartel V\" width=\"800\" height=\"450\" src=\"https:\/\/www.youtube.com\/embed\/84G_-SSqWNw?feature=oembed\" frameborder=\"0\" allow=\"accelerometer; autoplay; clipboard-write; encrypted-media; gyroscope; picture-in-picture; web-share\" allowfullscreen><\/iframe>\n<\/div><\/figure>\n\n\n\n<p>En tanto, en otro video publicado por el mismo portal zonal, los presos mostraron la situaci\u00f3n de hacinamiento en una celda con capacidad para nueve personas.<\/p>\n\n\n\n<p>Finalmente, y luego de negociaciones con la fiscal Carina Saucedo, a cargo de la Unidad Funcional de Instrucci\u00f3n (UFI) 2 del Departamento Judicial de Moreno-General Rodr\u00edguez, el polic\u00eda fue liberado ileso alrededor de las 22.<\/p>\n\n\n\n<p>En tanto, se manten\u00edan las tratativas para trasladar a los detenidos a distintas dependencias.<\/p>\n\n\n\n<p>Por otro lado, el mi\u00e9rcoles la Fiscal\u00eda General del Departamento Judicial de Moreno-General Rodr\u00edguez hab\u00eda solicitado a los ministerios de Justicia y de Seguridad bonaerense que se pudieran obtener m\u00e1s cupos para las personas privadas de su libertad en dicha jurisdicci\u00f3n.<\/p>\n\r\n","protected":false},"excerpt":{"rendered":"<p>Ocurri\u00f3 en la comisar\u00eda 4ta. de Cuartel V. Los presos reclamaban mejores condiciones de alojamiento y traslado a otras dependencias.<\/p>\n","protected":false},"author":1,"featured_media":52879,"comment_status":"closed","ping_status":"closed","sticky":false,"template":"","format":"standard","meta":{"colormag_page_container_layout":"default_layout","colormag_page_sidebar_layout":"default_layout","footnotes":""},"categories":[6828,2154,12],"tags":[1328,2327,437,3089,164],"class_list":["post-52878","post","type-post","status-publish","format-standard","has-post-thumbnail","hentry","category-mas-destacadas","category-moreno","category-policiales","tag-comisaria","tag-cuartel-v","tag-moreno","tag-motin","tag-policia"],"_links":{"self":[{"href":"https:\/\/sectorprensa.com.ar\/index.php?rest_route=\/wp\/v2\/posts\/52878","targetHints":{"allow":["GET"]}}],"collection":[{"href":"https:\/\/sectorprensa.com.ar\/index.php?rest_route=\/wp\/v2\/posts"}],"about":[{"href":"https:\/\/sectorprensa.com.ar\/index.php?rest_route=\/wp\/v2\/types\/post"}],"author":[{"embeddable":true,"href":"https:\/\/sectorprensa.com.ar\/index.php?rest_route=\/wp\/v2\/users\/1"}],"replies":[{"embeddable":true,"href":"https:\/\/sectorprensa.com.ar\/index.php?rest_route=%2Fwp%2Fv2%2Fcomments&post=52878"}],"version-history":[{"count":1,"href":"https:\/\/sectorprensa.com.ar\/index.php?rest_route=\/wp\/v2\/posts\/52878\/revisions"}],"predecessor-version":[{"id":52880,"href":"https:\/\/sectorprensa.com.ar\/index.php?rest_route=\/wp\/v2\/posts\/52878\/revisions\/52880"}],"wp:featuredmedia":[{"embeddable":true,"href":"https:\/\/sectorprensa.com.ar\/index.php?rest_route=\/wp\/v2\/media\/52879"}],"wp:attachment":[{"href":"https:\/\/sectorprensa.com.ar\/index.php?rest_route=%2Fwp%2Fv2%2Fmedia&parent=52878"}],"wp:term":[{"taxonomy":"category","embeddable":true,"href":"https:\/\/sectorprensa.com.ar\/index.php?rest_route=%2Fwp%2Fv2%2Fcategories&post=52878"},{"taxonomy":"post_tag","embeddable":true,"href":"https:\/\/sectorprensa.com.ar\/index.php?rest_route=%2Fwp%2Fv2%2Ftags&post=52878"}],"curies":[{"name":"wp","href":"https:\/\/api.w.org\/{rel}","templated":true}]}}