{"id":52882,"date":"2023-03-25T10:30:15","date_gmt":"2023-03-25T13:30:15","guid":{"rendered":"https:\/\/sectorprensa.com.ar\/?p=52882"},"modified":"2023-03-25T10:30:16","modified_gmt":"2023-03-25T13:30:16","slug":"nuevo-encuentro-marcho-en-el-dia-de-la-memoria-democracia-sin-mafia-judicial","status":"publish","type":"post","link":"https:\/\/sectorprensa.com.ar\/?p=52882","title":{"rendered":"<strong>Nuevo Encuentro march\u00f3 en el D\u00eda de la Memoria: \u201cDemocracia sin Mafia Judicial\u201d<\/strong>"},"content":{"rendered":"\n<h6 class=\"wp-block-heading\"><strong>A 47 a\u00f1os del inicio de la \u00faltima dictadura c\u00edvico militar, Mart\u00edn Sabbatella, march\u00f3 junto con la columna de Nuevo Encuentro, desde la Ex ESMA hacia Plaza de Mayo.<\/strong><\/h6>\n\n\n\n<p>En ese marco, el presidente de Nuevo Encuentro, Mart\u00edn Sabbatella, asegur\u00f3: \u201cEste 24 de marzo es especial por varias circunstancias. Primero porque no tenemos a Hebe con nosotros, aunque sabemos que desde alg\u00fan lugar nos est\u00e1 acompa\u00f1ando como siempre. Y tambi\u00e9n, porque se cumplen 40 a\u00f1os del retorno de la democracia y hoy tenemos un sistema que est\u00e1 gravemente da\u00f1ado por los poderes f\u00e1cticos. La prueba irrefutable de eso es la proscripci\u00f3n a Cristina\u201d.<\/p>\n\n\n\n<figure class=\"wp-block-image size-large is-resized\"><img loading=\"lazy\" decoding=\"async\" src=\"https:\/\/sectorprensa.com.ar\/wp-content\/uploads\/2023\/03\/maximo-k-y-MartinSabbatella-1024x684.jpg\" alt=\"\" class=\"wp-image-52884\" width=\"647\" height=\"432\" srcset=\"https:\/\/sectorprensa.com.ar\/wp-content\/uploads\/2023\/03\/maximo-k-y-MartinSabbatella-1024x684.jpg 1024w, https:\/\/sectorprensa.com.ar\/wp-content\/uploads\/2023\/03\/maximo-k-y-MartinSabbatella-300x200.jpg 300w, https:\/\/sectorprensa.com.ar\/wp-content\/uploads\/2023\/03\/maximo-k-y-MartinSabbatella-768x513.jpg 768w, https:\/\/sectorprensa.com.ar\/wp-content\/uploads\/2023\/03\/maximo-k-y-MartinSabbatella-1536x1026.jpg 1536w, https:\/\/sectorprensa.com.ar\/wp-content\/uploads\/2023\/03\/maximo-k-y-MartinSabbatella.jpg 1600w\" sizes=\"auto, (max-width: 647px) 100vw, 647px\" \/><\/figure>\n\n\n\n<p>\u201cNos convoca el recuerdo por los 30 mil compa\u00f1eros y compa\u00f1eras detenidos desaparecidos y tambi\u00e9n un fuerte compromiso con el futuro. El neoliberalismo se instaur\u00f3 en Argentina con la dictadura, no podemos permitir que este a\u00f1o vuelva a instaurarse esa matriz econ\u00f3mica. Lo vivimos durante el gobierno de Macri, s\u00f3lo gener\u00f3 exclusi\u00f3n y pobreza\u201d, agreg\u00f3 el dirigente kirchnerista.<\/p>\n\n\n\n<p>\u201cComo cada a\u00f1o tenemos la alegr\u00eda de compartir esta movilizaci\u00f3n con miles de compa\u00f1eros y compa\u00f1eras. Este Pueblo dio a lo largo de su historia enormes demostraciones de dignidad y estamos ac\u00e1 para decir una vez m\u00e1s que sin memoria no hay futuro pr\u00f3spero posible\u201d, finaliz\u00f3 Sabbatella.<\/p>\n\r\n","protected":false},"excerpt":{"rendered":"<p>A 47 a\u00f1os del inicio de la \u00faltima dictadura c\u00edvico militar, Mart\u00edn Sabbatella, march\u00f3 junto con la columna de Nuevo<\/p>\n","protected":false},"author":1,"featured_media":52883,"comment_status":"closed","ping_status":"closed","sticky":false,"template":"","format":"standard","meta":{"colormag_page_container_layout":"default_layout","colormag_page_sidebar_layout":"default_layout","footnotes":""},"categories":[17,8],"tags":[1257,967,7024,743],"class_list":["post-52882","post","type-post","status-publish","format-standard","has-post-thumbnail","hentry","category-destacadas","category-politica","tag-dia-de-la-memoria","tag-justicia","tag-martin-sabbatella-2","tag-nuevo-encuentro"],"_links":{"self":[{"href":"https:\/\/sectorprensa.com.ar\/index.php?rest_route=\/wp\/v2\/posts\/52882","targetHints":{"allow":["GET"]}}],"collection":[{"href":"https:\/\/sectorprensa.com.ar\/index.php?rest_route=\/wp\/v2\/posts"}],"about":[{"href":"https:\/\/sectorprensa.com.ar\/index.php?rest_route=\/wp\/v2\/types\/post"}],"author":[{"embeddable":true,"href":"https:\/\/sectorprensa.com.ar\/index.php?rest_route=\/wp\/v2\/users\/1"}],"replies":[{"embeddable":true,"href":"https:\/\/sectorprensa.com.ar\/index.php?rest_route=%2Fwp%2Fv2%2Fcomments&post=52882"}],"version-history":[{"count":1,"href":"https:\/\/sectorprensa.com.ar\/index.php?rest_route=\/wp\/v2\/posts\/52882\/revisions"}],"predecessor-version":[{"id":52885,"href":"https:\/\/sectorprensa.com.ar\/index.php?rest_route=\/wp\/v2\/posts\/52882\/revisions\/52885"}],"wp:featuredmedia":[{"embeddable":true,"href":"https:\/\/sectorprensa.com.ar\/index.php?rest_route=\/wp\/v2\/media\/52883"}],"wp:attachment":[{"href":"https:\/\/sectorprensa.com.ar\/index.php?rest_route=%2Fwp%2Fv2%2Fmedia&parent=52882"}],"wp:term":[{"taxonomy":"category","embeddable":true,"href":"https:\/\/sectorprensa.com.ar\/index.php?rest_route=%2Fwp%2Fv2%2Fcategories&post=52882"},{"taxonomy":"post_tag","embeddable":true,"href":"https:\/\/sectorprensa.com.ar\/index.php?rest_route=%2Fwp%2Fv2%2Ftags&post=52882"}],"curies":[{"name":"wp","href":"https:\/\/api.w.org\/{rel}","templated":true}]}}