{"id":52979,"date":"2023-03-29T10:55:53","date_gmt":"2023-03-29T13:55:53","guid":{"rendered":"https:\/\/sectorprensa.com.ar\/?p=52979"},"modified":"2023-03-29T10:55:55","modified_gmt":"2023-03-29T13:55:55","slug":"video-policia-se-defendio-de-un-robo-en-ituzaingo-recibio-un-disparo-pero-esta-fuera-de-peligro","status":"publish","type":"post","link":"https:\/\/sectorprensa.com.ar\/?p=52979","title":{"rendered":"[Video] Polic\u00eda se defendi\u00f3 de un robo en Ituzaing\u00f3: recibi\u00f3 un disparo, pero est\u00e1 fuera de peligro"},"content":{"rendered":"\n<h6 class=\"wp-block-heading\"><strong>Ocurri\u00f3 en la calle Costa Rica al 1500, cuando el agente llegaba a su vivienda. Los delincuentes escaparon.<\/strong><\/h6>\n\n\n\n<p>Un hecho de inseguridad ocurri\u00f3 en las \u00faltimas horas, cuando un subcomisario de la Polic\u00eda de la Ciudad se defendi\u00f3 de un robo y fue baleado, aunque su vida no corre peligro.<\/p>\n\n\n\n<p>Todo sucedi\u00f3 cuando el agente llegaba con su auto a su vivienda ubicada en la calle Costa Rica al 1500, en Ituzaing\u00f3. All\u00ed, fue sorprendido por dos motochorros, que lo abordaron con intenciones de robo.<\/p>\n\n\n\n<figure class=\"wp-block-embed is-type-rich is-provider-twitter wp-block-embed-twitter\"><div class=\"wp-block-embed__wrapper\">\n<blockquote class=\"twitter-tweet\" data-width=\"550\" data-dnt=\"true\"><p lang=\"es\" dir=\"ltr\">Un efectivo de la Policia de la Ciudad se tirote\u00f3 con delincuentes que quisieron robarle el auto cuando llegaba a su casa en Ituzaingo. Se defendi\u00f3 y puso a los ladrones en fuga. El polic\u00eda termin\u00f3 baleado en una de sus manos <a href=\"https:\/\/t.co\/XxP7hYG3Ha\">pic.twitter.com\/XxP7hYG3Ha<\/a><\/p>&mdash; Pampa Monaco (@pampamonaco) <a href=\"https:\/\/twitter.com\/pampamonaco\/status\/1640843110904201216?ref_src=twsrc%5Etfw\">March 28, 2023<\/a><\/blockquote><script async src=\"https:\/\/platform.twitter.com\/widgets.js\" charset=\"utf-8\"><\/script>\n<\/div><\/figure>\n\n\n\n<p>En ese momento, el polic\u00eda abri\u00f3 la puerta y se identific\u00f3 como tal, por lo que los ladrones le dispararon y decidieron escapar corriendo. El agente tambi\u00e9n se defendi\u00f3 con su arma reglamentaria.<\/p>\n\n\n\n<p>Cabe destacar que el subcomisario recibi\u00f3 un disparo en la mano izquierda y fue derivado al hospital del Bicentenario, aunque se encuentra fuera de peligro.<\/p>\n\n\n\n<p>Los malvivientes abandonaron una pistola Bersa calibre .22 y a pocos metros hallaron la moto Honda en la que se movilizaban.<\/p>\n\n\n\n<p>La Dra. Mar\u00eda Laura Cristin, titular de la UFI 2 Descentralizada Ituzaing\u00f3 del Departamento Judicial de Mor\u00f3n, est\u00e1 a cargo de la investigaci\u00f3n y orden\u00f3 el secuestro del arma de los malvivientes y la motocicleta. Adem\u00e1s, el VW de Vento del subcomisario y su pistola reglamentaria Berreta PX4 Storm con la que habr\u00eda disparado al menos 5 veces.<\/p>\n\n\n\n<figure class=\"wp-block-embed is-type-wp-embed is-provider-sector-prensa wp-block-embed-sector-prensa\"><div class=\"wp-block-embed__wrapper\">\n<blockquote class=\"wp-embedded-content\" data-secret=\"eo71aGmMWv\"><a href=\"https:\/\/sectorprensa.com.ar\/2023\/03\/28\/a-un-ano-de-la-muerte-de-veronica-ultra-piden-que-vaya-a-juicio-el-conductor-que-la-atropello\/\">A un a\u00f1o de la muerte de Ver\u00f3nica Ultra, piden que vaya a juicio el conductor que la atropell\u00f3<\/a><\/blockquote><iframe loading=\"lazy\" class=\"wp-embedded-content\" sandbox=\"allow-scripts\" security=\"restricted\" style=\"position: absolute; clip: rect(1px, 1px, 1px, 1px);\" title=\"\u00ab&lt;strong&gt;A un a\u00f1o de la muerte de Ver\u00f3nica Ultra, piden que vaya a juicio el conductor que la atropell\u00f3&lt;\/strong&gt;\u00bb \u2014 Sector Prensa\" src=\"https:\/\/sectorprensa.com.ar\/2023\/03\/28\/a-un-ano-de-la-muerte-de-veronica-ultra-piden-que-vaya-a-juicio-el-conductor-que-la-atropello\/embed\/#?secret=7mHUwN8nT5#?secret=eo71aGmMWv\" data-secret=\"eo71aGmMWv\" width=\"600\" height=\"338\" frameborder=\"0\" marginwidth=\"0\" marginheight=\"0\" scrolling=\"no\"><\/iframe>\n<\/div><\/figure>\n\r\n","protected":false},"excerpt":{"rendered":"<p>Ocurri\u00f3 en la calle Costa Rica al 1500, cuando el agente llegaba a su vivienda. Los delincuentes escaparon. Un hecho<\/p>\n","protected":false},"author":6,"featured_media":52980,"comment_status":"closed","ping_status":"closed","sticky":false,"template":"","format":"video","meta":{"colormag_page_container_layout":"default_layout","colormag_page_sidebar_layout":"default_layout","footnotes":""},"categories":[4,6828,12],"tags":[165,389,2600,2004,74],"class_list":["post-52979","post","type-post","status-publish","format-video","has-post-thumbnail","hentry","category-ituzaingo","category-mas-destacadas","category-policiales","tag-delincuentes","tag-motochorros","tag-policia-2","tag-policia-de-la-ciudad","tag-robo","post_format-post-format-video"],"_links":{"self":[{"href":"https:\/\/sectorprensa.com.ar\/index.php?rest_route=\/wp\/v2\/posts\/52979","targetHints":{"allow":["GET"]}}],"collection":[{"href":"https:\/\/sectorprensa.com.ar\/index.php?rest_route=\/wp\/v2\/posts"}],"about":[{"href":"https:\/\/sectorprensa.com.ar\/index.php?rest_route=\/wp\/v2\/types\/post"}],"author":[{"embeddable":true,"href":"https:\/\/sectorprensa.com.ar\/index.php?rest_route=\/wp\/v2\/users\/6"}],"replies":[{"embeddable":true,"href":"https:\/\/sectorprensa.com.ar\/index.php?rest_route=%2Fwp%2Fv2%2Fcomments&post=52979"}],"version-history":[{"count":2,"href":"https:\/\/sectorprensa.com.ar\/index.php?rest_route=\/wp\/v2\/posts\/52979\/revisions"}],"predecessor-version":[{"id":52982,"href":"https:\/\/sectorprensa.com.ar\/index.php?rest_route=\/wp\/v2\/posts\/52979\/revisions\/52982"}],"wp:featuredmedia":[{"embeddable":true,"href":"https:\/\/sectorprensa.com.ar\/index.php?rest_route=\/wp\/v2\/media\/52980"}],"wp:attachment":[{"href":"https:\/\/sectorprensa.com.ar\/index.php?rest_route=%2Fwp%2Fv2%2Fmedia&parent=52979"}],"wp:term":[{"taxonomy":"category","embeddable":true,"href":"https:\/\/sectorprensa.com.ar\/index.php?rest_route=%2Fwp%2Fv2%2Fcategories&post=52979"},{"taxonomy":"post_tag","embeddable":true,"href":"https:\/\/sectorprensa.com.ar\/index.php?rest_route=%2Fwp%2Fv2%2Ftags&post=52979"}],"curies":[{"name":"wp","href":"https:\/\/api.w.org\/{rel}","templated":true}]}}