{"id":53391,"date":"2023-04-14T08:43:42","date_gmt":"2023-04-14T11:43:42","guid":{"rendered":"https:\/\/sectorprensa.com.ar\/?p=53391"},"modified":"2023-04-14T08:43:51","modified_gmt":"2023-04-14T11:43:51","slug":"moreno-comenzaron-las-actividades-de-educacion-vial-en-las-escuelas","status":"publish","type":"post","link":"https:\/\/sectorprensa.com.ar\/?p=53391","title":{"rendered":"Moreno: comenzaron las actividades de educaci\u00f3n vial en las escuelas"},"content":{"rendered":"\n<h6 class=\"wp-block-heading\"><strong>Esta iniciativa busca generar conciencia y responsabilidad vial desde temprana edad.<\/strong><\/h6>\n\n\n\n<p>El Municipio de Moreno, a trav\u00e9s de la Secretar\u00eda de Tr\u00e1nsito y Transporte, realiza jornadas de educaci\u00f3n vial orientadas a los distintos niveles educativos, nivel inicial, nivel primario y nivel secundario. En cada una de estas visitas, las educadoras viales realizan una serie de actividades l\u00fadicas y charlas informativas con enfoque pertinente a las edades de las y los estudiantes.<\/p>\n\n\n\n<p>Las jornadas se llevan adelante durante todas las semanas en distintas escuelas. Hasta el momento van un total de aproximadamente 200 ni\u00f1as y ni\u00f1os de nivel inicial, 440 estudiantes de nivel primario y 90 de lnivel secundario, que formaron parte de esta iniciativa que busca generar conciencia y responsabilidad vial desde temprana edad.<\/p>\n\n\n\n<p>Los espacios educativos que deseen participar de dichas jornadas de educaci\u00f3n vial, deben acercarse a la direcci\u00f3n Joly 2844 o a la oficina 34, y presentar una nota, con al menos 7 d\u00edas de anticipaci\u00f3n, especificando: cantidad de alumnos, direcci\u00f3n del establecimiento, tel\u00e9fono de contacto, detalles de taller\/actividad y posibles fechas a coordinar. Tambi\u00e9n pueden presentar la nota por medio del mail: educaci\u00f3nvial@moreno.gov.ar<\/p>\n\n\n\n<figure class=\"wp-block-embed is-type-wp-embed is-provider-sector-prensa wp-block-embed-sector-prensa\"><div class=\"wp-block-embed__wrapper\">\n<blockquote class=\"wp-embedded-content\" data-secret=\"dFotuVya0O\"><a href=\"https:\/\/sectorprensa.com.ar\/2023\/04\/13\/se-puso-en-funcionamiento-una-nueva-planta-asfaltica-en-moreno\/\">Se puso en funcionamiento una nueva planta asf\u00e1ltica en Moreno<\/a><\/blockquote><iframe loading=\"lazy\" class=\"wp-embedded-content\" sandbox=\"allow-scripts\" security=\"restricted\" style=\"position: absolute; clip: rect(1px, 1px, 1px, 1px);\" title=\"\u00abSe puso en funcionamiento una nueva planta asf\u00e1ltica en Moreno\u00bb \u2014 Sector Prensa\" src=\"https:\/\/sectorprensa.com.ar\/2023\/04\/13\/se-puso-en-funcionamiento-una-nueva-planta-asfaltica-en-moreno\/embed\/#?secret=N4QmlKIYrA#?secret=dFotuVya0O\" data-secret=\"dFotuVya0O\" width=\"600\" height=\"338\" frameborder=\"0\" marginwidth=\"0\" marginheight=\"0\" scrolling=\"no\"><\/iframe>\n<\/div><\/figure>\n\r\n","protected":false},"excerpt":{"rendered":"<p>Esta iniciativa busca generar conciencia y responsabilidad vial desde temprana edad. El Municipio de Moreno, a trav\u00e9s de la Secretar\u00eda<\/p>\n","protected":false},"author":6,"featured_media":53392,"comment_status":"closed","ping_status":"closed","sticky":false,"template":"","format":"standard","meta":{"colormag_page_container_layout":"default_layout","colormag_page_sidebar_layout":"default_layout","footnotes":""},"categories":[17,2154,1173,10],"tags":[6041,208],"class_list":["post-53391","post","type-post","status-publish","format-standard","has-post-thumbnail","hentry","category-destacadas","category-moreno","category-municipales","category-sociedad","tag-educacion-vial","tag-escuelas"],"_links":{"self":[{"href":"https:\/\/sectorprensa.com.ar\/index.php?rest_route=\/wp\/v2\/posts\/53391","targetHints":{"allow":["GET"]}}],"collection":[{"href":"https:\/\/sectorprensa.com.ar\/index.php?rest_route=\/wp\/v2\/posts"}],"about":[{"href":"https:\/\/sectorprensa.com.ar\/index.php?rest_route=\/wp\/v2\/types\/post"}],"author":[{"embeddable":true,"href":"https:\/\/sectorprensa.com.ar\/index.php?rest_route=\/wp\/v2\/users\/6"}],"replies":[{"embeddable":true,"href":"https:\/\/sectorprensa.com.ar\/index.php?rest_route=%2Fwp%2Fv2%2Fcomments&post=53391"}],"version-history":[{"count":1,"href":"https:\/\/sectorprensa.com.ar\/index.php?rest_route=\/wp\/v2\/posts\/53391\/revisions"}],"predecessor-version":[{"id":53393,"href":"https:\/\/sectorprensa.com.ar\/index.php?rest_route=\/wp\/v2\/posts\/53391\/revisions\/53393"}],"wp:featuredmedia":[{"embeddable":true,"href":"https:\/\/sectorprensa.com.ar\/index.php?rest_route=\/wp\/v2\/media\/53392"}],"wp:attachment":[{"href":"https:\/\/sectorprensa.com.ar\/index.php?rest_route=%2Fwp%2Fv2%2Fmedia&parent=53391"}],"wp:term":[{"taxonomy":"category","embeddable":true,"href":"https:\/\/sectorprensa.com.ar\/index.php?rest_route=%2Fwp%2Fv2%2Fcategories&post=53391"},{"taxonomy":"post_tag","embeddable":true,"href":"https:\/\/sectorprensa.com.ar\/index.php?rest_route=%2Fwp%2Fv2%2Ftags&post=53391"}],"curies":[{"name":"wp","href":"https:\/\/api.w.org\/{rel}","templated":true}]}}