{"id":53406,"date":"2023-04-13T15:24:15","date_gmt":"2023-04-13T18:24:15","guid":{"rendered":"https:\/\/sectorprensa.com.ar\/?p=53406"},"modified":"2023-04-13T15:24:16","modified_gmt":"2023-04-13T18:24:16","slug":"merlo-primera-jornada-de-el-estado-en-tu-barrio","status":"publish","type":"post","link":"https:\/\/sectorprensa.com.ar\/?p=53406","title":{"rendered":"Merlo: primera jornada de \u00abEl Estado En Tu Barrio\u00bb"},"content":{"rendered":"\n<h6 class=\"wp-block-heading\"><strong>Se llev\u00f3 adelante en la localidad de Libertad, cont\u00f3 con m\u00e1s de 56 stands destinados a asistir a los vecinos. En la jornada estuvo presente la Intendenta Karina Men\u00e9ndez.<\/strong><\/h6>\n\n\n\n<p>Las diferentes \u00e1reas del municipio de Merlo asistieron a m\u00e1s de 8 mil vecinos. Las mismas fueron salud, desarrollo social, delegaciones, educaci\u00f3n y deportes, y desarrollo sustentable, entre otras.<\/p>\n\n\n\n<p>Adem\u00e1s, se brindaron capacitaciones, charlas, talleres, informaci\u00f3n sobre programas locales, inscripciones a cursos y becas, actividades culturales, l\u00fadicas y deportivas, espect\u00e1culos para ni\u00f1os.<\/p>\n\n\n\n<p>En la primera jornada de este 2023, realizada en Barrio Nuevo, asistieron la Intendenta Karina Men\u00e9ndez, V\u00edctor Colombano (titular del programa) y Aldo D\u00b4Andrea (coordinador del programa). La jefa comunal recorri\u00f3 los stands de atenci\u00f3n al p\u00fablico.<\/p>\n\n\n\n<p>\u00abNo siempre son ellos los que tienen que acercarse a una oficina del Estado o Municipal, sino que nosotros como Estado tenemos que acercarnos directamente al barrio\u201d, afirm\u00f3 Men\u00e9ndez.<\/p>\n\n\n\n<p>Por su parte, D\u00b4Andre remarc\u00f3 que \u201ces fundamental el trabajo articulado que realizamos con el Municipio de Merlo para poder acercarle al vecino todos los servicios en un solo lugar\u201d. \u00abEstoy muy agradecido con Karina Men\u00e9ndez por poner a disposici\u00f3n todas las \u00e1reas del partido y hacer posible que esta jornada se desarrolle con \u00e9xito\u201d, destac\u00f3.<\/p>\n\n\n\n<figure class=\"wp-block-embed is-type-wp-embed is-provider-sector-prensa wp-block-embed-sector-prensa\"><div class=\"wp-block-embed__wrapper\">\n<blockquote class=\"wp-embedded-content\" data-secret=\"Wm2d0HJqyI\"><a href=\"https:\/\/sectorprensa.com.ar\/2023\/04\/11\/merlo-capacitacion-para-arbitros-de-hockey\/\">Merlo: capacitaci\u00f3n para \u00e1rbitros de hockey<\/a><\/blockquote><iframe loading=\"lazy\" class=\"wp-embedded-content\" sandbox=\"allow-scripts\" security=\"restricted\" style=\"position: absolute; clip: rect(1px, 1px, 1px, 1px);\" title=\"\u00abMerlo: capacitaci\u00f3n para \u00e1rbitros de hockey\u00bb \u2014 Sector Prensa\" src=\"https:\/\/sectorprensa.com.ar\/2023\/04\/11\/merlo-capacitacion-para-arbitros-de-hockey\/embed\/#?secret=BcM91tKjh9#?secret=Wm2d0HJqyI\" data-secret=\"Wm2d0HJqyI\" width=\"600\" height=\"338\" frameborder=\"0\" marginwidth=\"0\" marginheight=\"0\" scrolling=\"no\"><\/iframe>\n<\/div><\/figure>\n\r\n","protected":false},"excerpt":{"rendered":"<p>Se llev\u00f3 adelante en la localidad de Libertad, cont\u00f3 con m\u00e1s de 56 stands destinados a asistir a los vecinos.<\/p>\n","protected":false},"author":5,"featured_media":53407,"comment_status":"closed","ping_status":"closed","sticky":false,"template":"","format":"standard","meta":{"colormag_page_container_layout":"default_layout","colormag_page_sidebar_layout":"default_layout","footnotes":""},"categories":[17,7,1173],"tags":[7658,245,25],"class_list":["post-53406","post","type-post","status-publish","format-standard","has-post-thumbnail","hentry","category-destacadas","category-merlo","category-municipales","tag-el-estado-en-tu-barrio","tag-karina-menendez","tag-merlo"],"_links":{"self":[{"href":"https:\/\/sectorprensa.com.ar\/index.php?rest_route=\/wp\/v2\/posts\/53406","targetHints":{"allow":["GET"]}}],"collection":[{"href":"https:\/\/sectorprensa.com.ar\/index.php?rest_route=\/wp\/v2\/posts"}],"about":[{"href":"https:\/\/sectorprensa.com.ar\/index.php?rest_route=\/wp\/v2\/types\/post"}],"author":[{"embeddable":true,"href":"https:\/\/sectorprensa.com.ar\/index.php?rest_route=\/wp\/v2\/users\/5"}],"replies":[{"embeddable":true,"href":"https:\/\/sectorprensa.com.ar\/index.php?rest_route=%2Fwp%2Fv2%2Fcomments&post=53406"}],"version-history":[{"count":1,"href":"https:\/\/sectorprensa.com.ar\/index.php?rest_route=\/wp\/v2\/posts\/53406\/revisions"}],"predecessor-version":[{"id":53408,"href":"https:\/\/sectorprensa.com.ar\/index.php?rest_route=\/wp\/v2\/posts\/53406\/revisions\/53408"}],"wp:featuredmedia":[{"embeddable":true,"href":"https:\/\/sectorprensa.com.ar\/index.php?rest_route=\/wp\/v2\/media\/53407"}],"wp:attachment":[{"href":"https:\/\/sectorprensa.com.ar\/index.php?rest_route=%2Fwp%2Fv2%2Fmedia&parent=53406"}],"wp:term":[{"taxonomy":"category","embeddable":true,"href":"https:\/\/sectorprensa.com.ar\/index.php?rest_route=%2Fwp%2Fv2%2Fcategories&post=53406"},{"taxonomy":"post_tag","embeddable":true,"href":"https:\/\/sectorprensa.com.ar\/index.php?rest_route=%2Fwp%2Fv2%2Ftags&post=53406"}],"curies":[{"name":"wp","href":"https:\/\/api.w.org\/{rel}","templated":true}]}}