{"id":53415,"date":"2023-04-13T20:47:07","date_gmt":"2023-04-13T23:47:07","guid":{"rendered":"https:\/\/sectorprensa.com.ar\/?p=53415"},"modified":"2023-04-13T20:47:08","modified_gmt":"2023-04-13T23:47:08","slug":"metropol-acuerdo-con-el-gobierno-bonaerense-y-reanudacion-del-servicio","status":"publish","type":"post","link":"https:\/\/sectorprensa.com.ar\/?p=53415","title":{"rendered":"Metropol: acuerdo con el gobierno bonaerense y reanudaci\u00f3n del servicio"},"content":{"rendered":"\n<h6 class=\"wp-block-heading\"><strong>Luego de tres d\u00edas sin prestar servicio, la empresa retomar\u00e1 el mismo a partir de la medianoche del jueves. Desde el gobierno bonaerense hab\u00edan advertido a Metropol con la quita de concesiones.<\/strong><\/h6>\n\n\n\n<p>A partir de esta medianoche, Metropol restablecer\u00e1 su servicio. La empresa, que reclamaba el pago de subsidios, llevaba tres d\u00edas de lockout patronal, as\u00ed lo calificaron desde la gesti\u00f3n de Axel Kicillof, por lo que 23 l\u00edneas se encontraban paradas y un mill\u00f3n de bonaerenses se ve\u00edan perjudicados, de acuerdo a las autoridades. Sin embargo, la empresa, el Ministerio de Transporte de la Provincia de Buenos Aires y la UTA (Uni\u00f3n Tranviarios Automotor), llegaron a un acuerdo para ponerle fin a la medida de fuerza.<\/p>\n\n\n\n<p>\u00abSe lleg\u00f3 a un principio de acuerdo para tender una mesa de negociaciones y que se puedan resolver los problemas. La empresa Metropol se compromete a restituir a partir de la hora cero el servicio y el gremio de la UTA a acompa\u00f1ar las medidas necesarias para que el servicio se pueda sostener\u00bb, anunci\u00f3 el Ministro de Transporte bonaerense, Jorge D\u00b4Onofrio, quien tambi\u00e9n hab\u00eda advertido que se avanzaba para quitar las concesiones.<\/p>\n\n\n\n<p>Cabe destacar, el servicio de colectivos deber\u00e1 funcionar con normalidad durante 72 horas, tiempo en el que se llevar\u00e1 a cabo una negociaci\u00f3n para encontrar una soluci\u00f3n a la problem\u00e1tica.<\/p>\n\n\n\n<p>\u00abMe comprometo a encontrar las v\u00edas de di\u00e1logo para que las cuestiones de fondo se puedan resolver y poder tener el servicio lo antes posible y sin amenazas de nuevos cortes\u00bb, dijo el funcionario.<\/p>\n\n\n\n<p>\u00abEste conflicto es una cuesti\u00f3n econ\u00f3mica. Hay una resoluci\u00f3n de Naci\u00f3n que dice que deben liquidarse las compensaciones de una determinada manera, la empresa plante\u00f3 una cautelar que le fue otorgada por un juez que es parte de un problema y no de la soluci\u00f3n\u00bb, sostuvo D\u00b4Onofrio.<\/p>\n\n\n\n<p>El pago que reclama la firma: \u00abHay un juez que hace 20 meses dict\u00f3 una medida cautelar y no dio una soluci\u00f3n de fondo. La provincia de Buenos Aires no participa en la liquidaci\u00f3n de los subsidios, sino que solamente paga lo que le indica la Naci\u00f3n\u00bb, puntualiz\u00f3.<\/p>\n\n\n\n<p>Sobre la advertencia de quitar las concesiones: \u00abCuando no se presta un servicio, como funcionario p\u00fablico tengo el deber de activar todas las intimaciones, desde multas hasta caducidad. Metropol hoy est\u00e1 mostrando la voluntad de recuperar el servicio\u00bb, explic\u00f3.<\/p>\n\n\n\n<figure class=\"wp-block-embed is-type-wp-embed is-provider-sector-prensa wp-block-embed-sector-prensa\"><div class=\"wp-block-embed__wrapper\">\n<blockquote class=\"wp-embedded-content\" data-secret=\"b2vOdWsZhf\"><a href=\"https:\/\/sectorprensa.com.ar\/2023\/04\/11\/nicolas-kreplak-sobre-el-dengue-el-panorama-es-el-esperable\/\">Nicol\u00e1s Kreplak sobre el dengue: \u00abel panorama es el esperable\u00bb<\/a><\/blockquote><iframe loading=\"lazy\" class=\"wp-embedded-content\" sandbox=\"allow-scripts\" security=\"restricted\" style=\"position: absolute; clip: rect(1px, 1px, 1px, 1px);\" title=\"\u00abNicol\u00e1s Kreplak sobre el dengue: \u00abel panorama es el esperable\u00bb\u00bb \u2014 Sector Prensa\" src=\"https:\/\/sectorprensa.com.ar\/2023\/04\/11\/nicolas-kreplak-sobre-el-dengue-el-panorama-es-el-esperable\/embed\/#?secret=zhPapj5ji6#?secret=b2vOdWsZhf\" data-secret=\"b2vOdWsZhf\" width=\"600\" height=\"338\" frameborder=\"0\" marginwidth=\"0\" marginheight=\"0\" scrolling=\"no\"><\/iframe>\n<\/div><\/figure>\n\r\n","protected":false},"excerpt":{"rendered":"<p>Luego de tres d\u00edas sin prestar servicio, la empresa retomar\u00e1 el mismo a partir de la medianoche del jueves. Desde<\/p>\n","protected":false},"author":5,"featured_media":53413,"comment_status":"closed","ping_status":"closed","sticky":false,"template":"","format":"standard","meta":{"colormag_page_container_layout":"default_layout","colormag_page_sidebar_layout":"default_layout","footnotes":""},"categories":[17,18],"tags":[5965,706,5077],"class_list":["post-53415","post","type-post","status-publish","format-standard","has-post-thumbnail","hentry","category-destacadas","category-provincia","tag-jorge-donofrio","tag-metropol","tag-uta"],"_links":{"self":[{"href":"https:\/\/sectorprensa.com.ar\/index.php?rest_route=\/wp\/v2\/posts\/53415","targetHints":{"allow":["GET"]}}],"collection":[{"href":"https:\/\/sectorprensa.com.ar\/index.php?rest_route=\/wp\/v2\/posts"}],"about":[{"href":"https:\/\/sectorprensa.com.ar\/index.php?rest_route=\/wp\/v2\/types\/post"}],"author":[{"embeddable":true,"href":"https:\/\/sectorprensa.com.ar\/index.php?rest_route=\/wp\/v2\/users\/5"}],"replies":[{"embeddable":true,"href":"https:\/\/sectorprensa.com.ar\/index.php?rest_route=%2Fwp%2Fv2%2Fcomments&post=53415"}],"version-history":[{"count":1,"href":"https:\/\/sectorprensa.com.ar\/index.php?rest_route=\/wp\/v2\/posts\/53415\/revisions"}],"predecessor-version":[{"id":53416,"href":"https:\/\/sectorprensa.com.ar\/index.php?rest_route=\/wp\/v2\/posts\/53415\/revisions\/53416"}],"wp:featuredmedia":[{"embeddable":true,"href":"https:\/\/sectorprensa.com.ar\/index.php?rest_route=\/wp\/v2\/media\/53413"}],"wp:attachment":[{"href":"https:\/\/sectorprensa.com.ar\/index.php?rest_route=%2Fwp%2Fv2%2Fmedia&parent=53415"}],"wp:term":[{"taxonomy":"category","embeddable":true,"href":"https:\/\/sectorprensa.com.ar\/index.php?rest_route=%2Fwp%2Fv2%2Fcategories&post=53415"},{"taxonomy":"post_tag","embeddable":true,"href":"https:\/\/sectorprensa.com.ar\/index.php?rest_route=%2Fwp%2Fv2%2Ftags&post=53415"}],"curies":[{"name":"wp","href":"https:\/\/api.w.org\/{rel}","templated":true}]}}