{"id":53440,"date":"2023-04-17T10:30:57","date_gmt":"2023-04-17T13:30:57","guid":{"rendered":"https:\/\/sectorprensa.com.ar\/?p=53440"},"modified":"2023-04-17T10:31:01","modified_gmt":"2023-04-17T13:31:01","slug":"se-presento-el-programa-nacional-esi-en-la-cancha-en-moreno","status":"publish","type":"post","link":"https:\/\/sectorprensa.com.ar\/?p=53440","title":{"rendered":"Se present\u00f3 el programa nacional \u201cESI en la cancha\u201d en Moreno"},"content":{"rendered":"\n<h6 class=\"wp-block-heading\"><strong>Este nuevo programa consta en brindar capacitaciones y herramientas con perspectiva de g\u00e9nero a equipos directivos, profesoras y profesores de educaci\u00f3n f\u00edsica.<\/strong><\/h6>\n\n\n\n<p>La intendenta de Moreno, Mariel Fern\u00e1ndez, junto a la directora nacional de Pol\u00edticas de G\u00e9nero de la Secretar\u00eda de Deportes de la Naci\u00f3n, Guillermina Gordoa, y el director provincial de Educaci\u00f3n F\u00edsica, Leonardo Troncoso, presentaron el programa \u201cESI en la cancha\u201d, realizada en el Polideportivo de Paso del Rey.<\/p>\n\n\n\n<p>\u201cNecesitamos que nuestras juventudes tengan identidades sanas, y nosotros como personas adultas, y como Estado, tenemos el deber de ofrecerles a nuestras ni\u00f1as, ni\u00f1os y adolescentes un crecimiento y desarrollo saludable. Y un modo de hacerlo es as\u00ed, a trav\u00e9s del deporte, que forma parte de una serie de programas que ofrecemos desde el Municipio para asegurarle a la comunidad una calidad de vida digna\u201d, expres\u00f3 la intendenta.<\/p>\n\n\n\n<figure class=\"wp-block-embed is-type-rich is-provider-twitter wp-block-embed-twitter\"><div class=\"wp-block-embed__wrapper\">\n<blockquote class=\"twitter-tweet\" data-width=\"550\" data-dnt=\"true\"><p lang=\"es\" dir=\"ltr\">Junto a la directora nacional de Pol\u00edticas de G\u00e9nero de la Secretar\u00eda de Deportes de la Naci\u00f3n, Guillermina Gordoa, y el director provincial de Educaci\u00f3n F\u00edsica, Leonardo Troncoso, presentamos el programa nacional \u201cESI a la cancha\u201d. <a href=\"https:\/\/t.co\/yaFxjEs6kr\">pic.twitter.com\/yaFxjEs6kr<\/a><\/p>&mdash; Mariel Fern\u00e1ndez (@marielfmoreno1) <a href=\"https:\/\/twitter.com\/marielfmoreno1\/status\/1646523381674807299?ref_src=twsrc%5Etfw\">April 13, 2023<\/a><\/blockquote><script async src=\"https:\/\/platform.twitter.com\/widgets.js\" charset=\"utf-8\"><\/script>\n<\/div><\/figure>\n\n\n\n<p>Este nuevo programa, consta en brindar capacitaciones y herramientas con perspectiva de g\u00e9nero a equipos directivos, profesoras y profesores de educaci\u00f3n f\u00edsica, con el objetivo de desnaturalizar pr\u00e1cticas que reproduzcan estereotipos. Y de esta forma, generar \u00e1mbitos de confianza para la libre expresi\u00f3n de sentimientos y emociones.<\/p>\n\n\n\n<p>La iniciativa remarca tambi\u00e9n la necesidad de reflexionar sobre el modo en que, desde el deporte, se realiza una valoraci\u00f3n diferencial del cuerpo. Y destaca la importancia de defender y asegurar el desarrollo y la permanencia de las personas en actividades deportivas.<\/p>\n\n\n\n<figure class=\"wp-block-embed is-type-rich is-provider-twitter wp-block-embed-twitter\"><div class=\"wp-block-embed__wrapper\">\n<blockquote class=\"twitter-tweet\" data-width=\"550\" data-dnt=\"true\"><p lang=\"es\" dir=\"ltr\">Estas capacitaciones les otorgar\u00e1 a las autoridades educativas, mediante la educaci\u00f3n f\u00edsica, darle a nuestras y nuestros j\u00f3venes, la educaci\u00f3n que se merecen y les asegurar\u00e1 el derecho de respetar y ser respetados en sus deseos y decisiones \ud83e\udd0d <a href=\"https:\/\/t.co\/d8RpTEY0Xm\">pic.twitter.com\/d8RpTEY0Xm<\/a><\/p>&mdash; Mariel Fern\u00e1ndez (@marielfmoreno1) <a href=\"https:\/\/twitter.com\/marielfmoreno1\/status\/1646523589582266368?ref_src=twsrc%5Etfw\">April 13, 2023<\/a><\/blockquote><script async src=\"https:\/\/platform.twitter.com\/widgets.js\" charset=\"utf-8\"><\/script>\n<\/div><\/figure>\n\n\n\n<p>De esta manera, el Gobierno local junto al Gobierno de la Naci\u00f3n y el Gobierno de la Provincia de Buenos Aires, trabaja para que se cumplan los derechos de acceso a la pr\u00e1ctica deportiva, como herramienta esencial para el desarrollo pleno y saludable de las ni\u00f1as, ni\u00f1os y adolescentes.<\/p>\n\n\n\n<figure class=\"wp-block-embed is-type-wp-embed is-provider-sector-prensa wp-block-embed-sector-prensa\"><div class=\"wp-block-embed__wrapper\">\n<blockquote class=\"wp-embedded-content\" data-secret=\"9qsmWq5e29\"><a href=\"https:\/\/sectorprensa.com.ar\/2023\/04\/14\/moreno-comenzaron-las-actividades-de-educacion-vial-en-las-escuelas\/\">Moreno: comenzaron las actividades de educaci\u00f3n vial en las escuelas<\/a><\/blockquote><iframe loading=\"lazy\" class=\"wp-embedded-content\" sandbox=\"allow-scripts\" security=\"restricted\" style=\"position: absolute; clip: rect(1px, 1px, 1px, 1px);\" title=\"\u00abMoreno: comenzaron las actividades de educaci\u00f3n vial en las escuelas\u00bb \u2014 Sector Prensa\" src=\"https:\/\/sectorprensa.com.ar\/2023\/04\/14\/moreno-comenzaron-las-actividades-de-educacion-vial-en-las-escuelas\/embed\/#?secret=SIjHNNigm4#?secret=9qsmWq5e29\" data-secret=\"9qsmWq5e29\" width=\"600\" height=\"338\" frameborder=\"0\" marginwidth=\"0\" marginheight=\"0\" scrolling=\"no\"><\/iframe>\n<\/div><\/figure>\n\r\n","protected":false},"excerpt":{"rendered":"<p>Este nuevo programa consta en brindar capacitaciones y herramientas con perspectiva de g\u00e9nero a equipos directivos, profesoras y profesores de<\/p>\n","protected":false},"author":6,"featured_media":53441,"comment_status":"closed","ping_status":"closed","sticky":false,"template":"","format":"standard","meta":{"colormag_page_container_layout":"default_layout","colormag_page_sidebar_layout":"default_layout","footnotes":""},"categories":[17,2154,1173,8,10],"tags":[1699,7660,2898,437],"class_list":["post-53440","post","type-post","status-publish","format-standard","has-post-thumbnail","hentry","category-destacadas","category-moreno","category-municipales","category-politica","category-sociedad","tag-esi","tag-esi-en-la-cancha","tag-mariel-fernandez","tag-moreno"],"_links":{"self":[{"href":"https:\/\/sectorprensa.com.ar\/index.php?rest_route=\/wp\/v2\/posts\/53440","targetHints":{"allow":["GET"]}}],"collection":[{"href":"https:\/\/sectorprensa.com.ar\/index.php?rest_route=\/wp\/v2\/posts"}],"about":[{"href":"https:\/\/sectorprensa.com.ar\/index.php?rest_route=\/wp\/v2\/types\/post"}],"author":[{"embeddable":true,"href":"https:\/\/sectorprensa.com.ar\/index.php?rest_route=\/wp\/v2\/users\/6"}],"replies":[{"embeddable":true,"href":"https:\/\/sectorprensa.com.ar\/index.php?rest_route=%2Fwp%2Fv2%2Fcomments&post=53440"}],"version-history":[{"count":1,"href":"https:\/\/sectorprensa.com.ar\/index.php?rest_route=\/wp\/v2\/posts\/53440\/revisions"}],"predecessor-version":[{"id":53442,"href":"https:\/\/sectorprensa.com.ar\/index.php?rest_route=\/wp\/v2\/posts\/53440\/revisions\/53442"}],"wp:featuredmedia":[{"embeddable":true,"href":"https:\/\/sectorprensa.com.ar\/index.php?rest_route=\/wp\/v2\/media\/53441"}],"wp:attachment":[{"href":"https:\/\/sectorprensa.com.ar\/index.php?rest_route=%2Fwp%2Fv2%2Fmedia&parent=53440"}],"wp:term":[{"taxonomy":"category","embeddable":true,"href":"https:\/\/sectorprensa.com.ar\/index.php?rest_route=%2Fwp%2Fv2%2Fcategories&post=53440"},{"taxonomy":"post_tag","embeddable":true,"href":"https:\/\/sectorprensa.com.ar\/index.php?rest_route=%2Fwp%2Fv2%2Ftags&post=53440"}],"curies":[{"name":"wp","href":"https:\/\/api.w.org\/{rel}","templated":true}]}}