{"id":53486,"date":"2023-04-16T23:14:51","date_gmt":"2023-04-17T02:14:51","guid":{"rendered":"https:\/\/sectorprensa.com.ar\/?p=53486"},"modified":"2023-04-16T23:22:28","modified_gmt":"2023-04-17T02:22:28","slug":"polemico-empate-entre-midland-y-liniers","status":"publish","type":"post","link":"https:\/\/sectorprensa.com.ar\/?p=53486","title":{"rendered":"Pol\u00e9mico empate entre Midland y Liniers"},"content":{"rendered":"\n<h6 class=\"wp-block-heading\"><strong>El Funebrero igual\u00f3 contra la Topadora 2 a 2, en el Ciudad de Libertad, luego de ir 2-0 arriba. El encuentro cont\u00f3 con un pol\u00e9mico gol de la visita, el \u00e1rbitro debi\u00f3 salir escoltado.<\/strong><\/h6>\n\n\n\n<p>Midland sigue con su racha negativa en casa. En el Ciudad de Libertad, igual\u00f3 contra Liniers 2 a 2 en el marco de la d\u00e9cimo tercera jornada de la Primera C. El conjunto local finaliz\u00f3 no supo sostener la ventaja, adem\u00e1s se qued\u00f3 con diez jugadores.<\/p>\n\n\n\n<p>En la primera parte, Gonzalo Vivanco puso en ventaja al Funebrero cuando se jugaban 14 minutos. En la etapa complementaria, Francisco Molina aument\u00f3 la diferencia a los 4\u00b4. Cuatro m\u00e1s tarde llegaron las malas noticias para los de Libertad, ya que Franco Berg\u00e9s se fue expulsado.<\/p>\n\n\n\n<p>Sin embargo, la Topadora reaccion\u00f3 sobre el final. Leandro Coronel descont\u00f3 cuando el reloj marcaba 35\u00b4, luego de una larga protesta de los jugadores locales, el \u00e1rbitro convalid\u00f3 el tanto y se adicionaron diez minutos m\u00e1s. Y, a los 52\u00b4, Ignacio Palacio convirti\u00f3 el 2 a 2 definitivo. Al finalizar el encuentro Juan Cruz Robledo, autoridad del mismo, debi\u00f3 retirarse del campo de juego con custodia policial.<\/p>\n\n\n\n<p>El equipo de la dupla Modolo-Orsini lleva dos cotejos sin ganar en su casa, se ubica sexto en la tabla con 22 unidades, a dos de Claypole, Liniers y San Mart\u00edn de Burzaco. En la pr\u00f3xima fecha, visitar\u00e1 a Real Pilar.<\/p>\n\n\n\n<p><strong>FOTO: Prensa Midland<\/strong><\/p>\n\r\n","protected":false},"excerpt":{"rendered":"<p>El Funebrero igual\u00f3 contra la Topadora 2 a 2, en el Ciudad de Libertad, luego de ir 2-0 arriba. El<\/p>\n","protected":false},"author":5,"featured_media":53487,"comment_status":"closed","ping_status":"closed","sticky":false,"template":"","format":"standard","meta":{"colormag_page_container_layout":"default_layout","colormag_page_sidebar_layout":"default_layout","footnotes":""},"categories":[11],"tags":[89,91],"class_list":["post-53486","post","type-post","status-publish","format-standard","has-post-thumbnail","hentry","category-deportes","tag-midland","tag-primera-c"],"_links":{"self":[{"href":"https:\/\/sectorprensa.com.ar\/index.php?rest_route=\/wp\/v2\/posts\/53486","targetHints":{"allow":["GET"]}}],"collection":[{"href":"https:\/\/sectorprensa.com.ar\/index.php?rest_route=\/wp\/v2\/posts"}],"about":[{"href":"https:\/\/sectorprensa.com.ar\/index.php?rest_route=\/wp\/v2\/types\/post"}],"author":[{"embeddable":true,"href":"https:\/\/sectorprensa.com.ar\/index.php?rest_route=\/wp\/v2\/users\/5"}],"replies":[{"embeddable":true,"href":"https:\/\/sectorprensa.com.ar\/index.php?rest_route=%2Fwp%2Fv2%2Fcomments&post=53486"}],"version-history":[{"count":2,"href":"https:\/\/sectorprensa.com.ar\/index.php?rest_route=\/wp\/v2\/posts\/53486\/revisions"}],"predecessor-version":[{"id":53491,"href":"https:\/\/sectorprensa.com.ar\/index.php?rest_route=\/wp\/v2\/posts\/53486\/revisions\/53491"}],"wp:featuredmedia":[{"embeddable":true,"href":"https:\/\/sectorprensa.com.ar\/index.php?rest_route=\/wp\/v2\/media\/53487"}],"wp:attachment":[{"href":"https:\/\/sectorprensa.com.ar\/index.php?rest_route=%2Fwp%2Fv2%2Fmedia&parent=53486"}],"wp:term":[{"taxonomy":"category","embeddable":true,"href":"https:\/\/sectorprensa.com.ar\/index.php?rest_route=%2Fwp%2Fv2%2Fcategories&post=53486"},{"taxonomy":"post_tag","embeddable":true,"href":"https:\/\/sectorprensa.com.ar\/index.php?rest_route=%2Fwp%2Fv2%2Ftags&post=53486"}],"curies":[{"name":"wp","href":"https:\/\/api.w.org\/{rel}","templated":true}]}}