{"id":53492,"date":"2023-04-16T23:42:39","date_gmt":"2023-04-17T02:42:39","guid":{"rendered":"https:\/\/sectorprensa.com.ar\/?p=53492"},"modified":"2023-04-16T23:42:45","modified_gmt":"2023-04-17T02:42:45","slug":"tarde-gris-para-deportivo-merlo-en-berisso","status":"publish","type":"post","link":"https:\/\/sectorprensa.com.ar\/?p=53492","title":{"rendered":"Tarde gris para Deportivo Merlo en Berisso"},"content":{"rendered":"\n<h6 class=\"wp-block-heading\"><strong>El Charro cay\u00f3 ante Villa San Carlos por 1 a 0, en el Genacio S\u00e1lice, en el marco de la fecha 10 del Apertura de la B Metro. En una tarde nublada y lluviosa, el Depo sufre una derrota que lo acerca al fondo de la tabla.<\/strong><\/h6>\n\n\n\n<p>La jornada no comenz\u00f3 de la mejor manera para Deportivo Merlo, en los primeros momentos lleg\u00f3 el primer gol de Villa San Carlos pero luego fue anulado por falta. Sin embargo, a los 18 minutos el Villero se puso en ventaja con un gran gol de tiro libre de Alexis Alegre. El Depo, aunque hubo momentos donde ambos apostaron al pelotazo, se vio acorralado por su rival que gener\u00f3 varias situaciones. Lo m\u00e1s destacable de la visita fue un cabezazo salvado en la l\u00ednea.<\/p>\n\n\n\n<p>En el segundo tiempo, baj\u00f3 la lluvia en gran parte, el desarrollo cambi\u00f3. El Charro se adelant\u00f3 e intent\u00f3 llegar al empate por medio de centros y pelotas paradas, pero no lo logr\u00f3. Por su parte, el due\u00f1o de casa cont\u00f3 con algunas contras que no supo concretar. El elenco merlense careci\u00f3 de ideas en los instantes finales y el resultado finaliz\u00f3 con un 0-1.<\/p>\n\n\n\n<p>Los dirigidos por Gabriel Manzini volvieron a caer y no encuentran regularidad, algo que los deja 13\u00b0 con 10 unidades. En la pr\u00f3xima jornada, recibir\u00e1n a San Miguel en Parque San Mart\u00edn.<\/p>\n\r\n","protected":false},"excerpt":{"rendered":"<p>El Charro cay\u00f3 ante Villa San Carlos por 1 a 0, en el Genacio S\u00e1lice, en el marco de la<\/p>\n","protected":false},"author":5,"featured_media":53493,"comment_status":"closed","ping_status":"closed","sticky":false,"template":"","format":"standard","meta":{"colormag_page_container_layout":"default_layout","colormag_page_sidebar_layout":"default_layout","footnotes":""},"categories":[11],"tags":[5147,154],"class_list":["post-53492","post","type-post","status-publish","format-standard","has-post-thumbnail","hentry","category-deportes","tag-b-metro","tag-deportivo-merlo"],"_links":{"self":[{"href":"https:\/\/sectorprensa.com.ar\/index.php?rest_route=\/wp\/v2\/posts\/53492","targetHints":{"allow":["GET"]}}],"collection":[{"href":"https:\/\/sectorprensa.com.ar\/index.php?rest_route=\/wp\/v2\/posts"}],"about":[{"href":"https:\/\/sectorprensa.com.ar\/index.php?rest_route=\/wp\/v2\/types\/post"}],"author":[{"embeddable":true,"href":"https:\/\/sectorprensa.com.ar\/index.php?rest_route=\/wp\/v2\/users\/5"}],"replies":[{"embeddable":true,"href":"https:\/\/sectorprensa.com.ar\/index.php?rest_route=%2Fwp%2Fv2%2Fcomments&post=53492"}],"version-history":[{"count":1,"href":"https:\/\/sectorprensa.com.ar\/index.php?rest_route=\/wp\/v2\/posts\/53492\/revisions"}],"predecessor-version":[{"id":53494,"href":"https:\/\/sectorprensa.com.ar\/index.php?rest_route=\/wp\/v2\/posts\/53492\/revisions\/53494"}],"wp:featuredmedia":[{"embeddable":true,"href":"https:\/\/sectorprensa.com.ar\/index.php?rest_route=\/wp\/v2\/media\/53493"}],"wp:attachment":[{"href":"https:\/\/sectorprensa.com.ar\/index.php?rest_route=%2Fwp%2Fv2%2Fmedia&parent=53492"}],"wp:term":[{"taxonomy":"category","embeddable":true,"href":"https:\/\/sectorprensa.com.ar\/index.php?rest_route=%2Fwp%2Fv2%2Fcategories&post=53492"},{"taxonomy":"post_tag","embeddable":true,"href":"https:\/\/sectorprensa.com.ar\/index.php?rest_route=%2Fwp%2Fv2%2Ftags&post=53492"}],"curies":[{"name":"wp","href":"https:\/\/api.w.org\/{rel}","templated":true}]}}