{"id":53530,"date":"2023-04-18T08:49:33","date_gmt":"2023-04-18T11:49:33","guid":{"rendered":"https:\/\/sectorprensa.com.ar\/?p=53530"},"modified":"2023-04-18T08:49:37","modified_gmt":"2023-04-18T11:49:37","slug":"la-web-elecciones-2023-de-la-provincia-ya-esta-disponible","status":"publish","type":"post","link":"https:\/\/sectorprensa.com.ar\/?p=53530","title":{"rendered":"La web \u201cElecciones 2023\u201d de la Provincia ya est\u00e1 disponible"},"content":{"rendered":"\n<h6 class=\"wp-block-heading\"><strong>Se encuentra habilitado el nuevo portal de consultas online Elecciones 2023, donde las y los bonaerenses podr\u00e1n acceder a toda la informaci\u00f3n necesaria para ejercer su derecho al voto.<\/strong><\/h6>\n\n\n\n<p>En el marco del llamado a elecciones Primarias Abiertas Simult\u00e1neas y Obligatorias (PASO) que se realizar\u00e1n el pr\u00f3ximo domingo 13 de agosto, el Ministerio de Gobierno de la provincia de Buenos Aires habilit\u00f3 la p\u00e1gina web oficial Elecciones 2023 (<a href=\"https:\/\/www.gba.gob.ar\/elecciones2023\">www.gba.gob.ar\/elecciones2023<\/a>).<\/p>\n\n\n\n<p>El sitio cuenta con material actualizado para que las y los bonaerenses accedan a toda la informaci\u00f3n \u00fatil sobre los padrones nacional y provincial, los requisitos para poder votar en estas elecciones, fechas y plazos dentro del calendario electoral, entre otros.&nbsp;<\/p>\n\n\n\n<p>Adem\u00e1s, ofrece un apartado para que las y los migrantes que viven en la Provincia puedan tambi\u00e9n conocer sus derechos y obligaciones como residentes.<\/p>\n\n\n\n<p>Asimismo, est\u00e1 disponible para su descarga un instructivo para todas aquellas personas que tengan el rol de autoridades de mesa durante los comicios de este a\u00f1o.&nbsp;<\/p>\n\n\n\n<p>Cabe destacar que el Ministerio de Gobierno bonaerense tiene entre sus responsabilidades impulsar pol\u00edticas tendientes a los asuntos electorales y contribuir en el desarrollo de la vida democr\u00e1tica..&nbsp;<\/p>\n\n\n\n<p>A 40 a\u00f1os de la restauraci\u00f3n de la democracia, la labor ministerial es clave para el fortalecimiento de la misma, con los partidos pol\u00edticos, la Junta Electoral, la Defensor\u00eda del Pueblo de la Provincia de Buenos Aires; entre otros organismos con injerencia en la materia.<\/p>\n\n\n\n<figure class=\"wp-block-embed is-type-wp-embed is-provider-sector-prensa wp-block-embed-sector-prensa\"><div class=\"wp-block-embed__wrapper\">\n<blockquote class=\"wp-embedded-content\" data-secret=\"dJL2NeCSgr\"><a href=\"https:\/\/sectorprensa.com.ar\/2023\/03\/07\/sabbatella-la-argentina-necesita-que-cristina-sea-presidenta-en-el-2023\/\">Sabbatella: \u201cLa Argentina necesita que Cristina sea presidenta en el 2023\u201d<\/a><\/blockquote><iframe loading=\"lazy\" class=\"wp-embedded-content\" sandbox=\"allow-scripts\" security=\"restricted\" style=\"position: absolute; clip: rect(1px, 1px, 1px, 1px);\" title=\"\u00abSabbatella: \u201cLa Argentina necesita que Cristina sea presidenta en el 2023\u201d\u00bb \u2014 Sector Prensa\" src=\"https:\/\/sectorprensa.com.ar\/2023\/03\/07\/sabbatella-la-argentina-necesita-que-cristina-sea-presidenta-en-el-2023\/embed\/#?secret=U8JhjQT10e#?secret=dJL2NeCSgr\" data-secret=\"dJL2NeCSgr\" width=\"600\" height=\"338\" frameborder=\"0\" marginwidth=\"0\" marginheight=\"0\" scrolling=\"no\"><\/iframe>\n<\/div><\/figure>\n\r\n","protected":false},"excerpt":{"rendered":"<p>Se encuentra habilitado el nuevo portal de consultas online Elecciones 2023, donde las y los bonaerenses podr\u00e1n acceder a toda<\/p>\n","protected":false},"author":6,"featured_media":38145,"comment_status":"closed","ping_status":"closed","sticky":false,"template":"","format":"standard","meta":{"colormag_page_container_layout":"default_layout","colormag_page_sidebar_layout":"default_layout","footnotes":""},"categories":[17,8,18,10],"tags":[327,7117,3147],"class_list":["post-53530","post","type-post","status-publish","format-standard","has-post-thumbnail","hentry","category-destacadas","category-politica","category-provincia","category-sociedad","tag-elecciones","tag-elecciones-2023","tag-paso"],"_links":{"self":[{"href":"https:\/\/sectorprensa.com.ar\/index.php?rest_route=\/wp\/v2\/posts\/53530","targetHints":{"allow":["GET"]}}],"collection":[{"href":"https:\/\/sectorprensa.com.ar\/index.php?rest_route=\/wp\/v2\/posts"}],"about":[{"href":"https:\/\/sectorprensa.com.ar\/index.php?rest_route=\/wp\/v2\/types\/post"}],"author":[{"embeddable":true,"href":"https:\/\/sectorprensa.com.ar\/index.php?rest_route=\/wp\/v2\/users\/6"}],"replies":[{"embeddable":true,"href":"https:\/\/sectorprensa.com.ar\/index.php?rest_route=%2Fwp%2Fv2%2Fcomments&post=53530"}],"version-history":[{"count":1,"href":"https:\/\/sectorprensa.com.ar\/index.php?rest_route=\/wp\/v2\/posts\/53530\/revisions"}],"predecessor-version":[{"id":53531,"href":"https:\/\/sectorprensa.com.ar\/index.php?rest_route=\/wp\/v2\/posts\/53530\/revisions\/53531"}],"wp:featuredmedia":[{"embeddable":true,"href":"https:\/\/sectorprensa.com.ar\/index.php?rest_route=\/wp\/v2\/media\/38145"}],"wp:attachment":[{"href":"https:\/\/sectorprensa.com.ar\/index.php?rest_route=%2Fwp%2Fv2%2Fmedia&parent=53530"}],"wp:term":[{"taxonomy":"category","embeddable":true,"href":"https:\/\/sectorprensa.com.ar\/index.php?rest_route=%2Fwp%2Fv2%2Fcategories&post=53530"},{"taxonomy":"post_tag","embeddable":true,"href":"https:\/\/sectorprensa.com.ar\/index.php?rest_route=%2Fwp%2Fv2%2Ftags&post=53530"}],"curies":[{"name":"wp","href":"https:\/\/api.w.org\/{rel}","templated":true}]}}