{"id":53758,"date":"2023-04-26T09:54:32","date_gmt":"2023-04-26T12:54:32","guid":{"rendered":"https:\/\/sectorprensa.com.ar\/?p=53758"},"modified":"2023-04-26T09:54:37","modified_gmt":"2023-04-26T12:54:37","slug":"avanzan-las-obras-en-los-institutos-educativos-en-moreno-norte","status":"publish","type":"post","link":"https:\/\/sectorprensa.com.ar\/?p=53758","title":{"rendered":"Avanzan las obras en los institutos educativos en Moreno Norte"},"content":{"rendered":"\n<h6 class=\"wp-block-heading\"><strong>Con la inversi\u00f3n del Fondo de Financiamiento Educativo, se realizan obras de ampliaci\u00f3n, refacci\u00f3n, y se entrega equipamiento escolar.<\/strong><\/h6>\n\n\n\n<p>El Municipio de Moreno, a trav\u00e9s de la Secretar\u00eda de Cultura, Educaci\u00f3n y Deporte, contin\u00faa con la inversi\u00f3n del Fondo de Financiamiento Educativo en obras para escuelas y jardines de la localidad de Moreno Norte, para que la comunidad educativa trabaje y estudie en espacios dignos, seguros y de calidad.<\/p>\n\n\n\n<p>En las Escuelas Primarias N\u00b0 81, N\u00b0 74, N\u00b0 76, en las Escuelas Secundarias, N\u00b0 77, N\u00b0 70 y N\u00b0 65, y en el Jard\u00edn de infantes N\u00b0 959 se est\u00e1n realizando obras de ampliaci\u00f3n para mejorar el espacio f\u00edsico. Adem\u00e1s, en la Secundaria N\u00b0 79 se est\u00e1n realizando refacciones integrales con la instalaci\u00f3n de rampas y veredas. Mientras que en la Escuela Secundaria N\u00b0 7 ya est\u00e1 en obra la construcci\u00f3n del per\u00edmetro con refacciones integrales.<\/p>\n\n\n\n<p>Adem\u00e1s, en la Escuela Secundaria N\u00b0 40 y en las Escuelas Primarias N\u00b0 22 y N\u00b0 59 se est\u00e1 realizando la colocaci\u00f3n de nuevas rampas y veredas. En estas dos \u00faltimas instituciones tambi\u00e9n se delimitaron los per\u00edmetros con la instalaci\u00f3n de rejas.<\/p>\n\n\n\n<p>En la Escuela Primaria N\u00b056 se realizaron obras sanitarias y de plomer\u00eda, adem\u00e1s de instalar rampas, un nuevo port\u00f3n y la delimitaci\u00f3n de per\u00edmetros.<\/p>\n\n\n\n<p>Gracias a la inversi\u00f3n del Fondo de Financiamiento Educativo tambi\u00e9n se realizaron trabajos de pintura en el Jard\u00edn de Infantes N\u00b0 959, N\u00b0 916, en las Escuelas Primarias N\u00b0 79, N\u00b0 36, N\u00b0 21, N\u00b0 34 y N\u00b0 81.Tambi\u00e9n se realiz\u00f3 la conexi\u00f3n a la red cloacal en 12 instituciones educativas.<\/p>\n\n\n\n<p>Por otra parte, tanto escuelas primarias, como escuelas secundarias y jardines de infantes, reciben mobiliario para equipar las aulas. Ya se entregaron armarios de cocina, nuevas pizarras de fibra, pizarrones, conjunto de comedor, armarios de sal\u00f3n, escritorio paradocentes, mesas, sillas y pupitres unipersonales en las Escuelas Primarias N\u00b0 6, N\u00b0 22, N\u00b0 36, N\u00b0 41, N\u00b0 56, N\u00b0 59, N\u00b0 76, N\u00b0 50, N\u00b0 65, N\u00b0 79, N\u00b0 81, N\u00b0 21, y la N\u00b0 79; tambi\u00e9n en las Escuelas Secundarias N\u00b0 10, N\u00b0 43, N\u00b0 64, N\u00b0 70, N\u00b0 72, N\u00b0 79 y la N\u00b0 6; y en los Jardines N\u00b0 904 y el N\u00b0 959.<\/p>\n\n\n\n<figure class=\"wp-block-embed is-type-wp-embed is-provider-sector-prensa wp-block-embed-sector-prensa\"><div class=\"wp-block-embed__wrapper\">\n<blockquote class=\"wp-embedded-content\" data-secret=\"QZ2GNTC4DA\"><a href=\"https:\/\/sectorprensa.com.ar\/2023\/04\/25\/moreno-corre-por-la-diversidad-cultural\/\">Moreno corre por la diversidad cultural<\/a><\/blockquote><iframe loading=\"lazy\" class=\"wp-embedded-content\" sandbox=\"allow-scripts\" security=\"restricted\" style=\"position: absolute; clip: rect(1px, 1px, 1px, 1px);\" title=\"\u00abMoreno corre por la diversidad cultural\u00bb \u2014 Sector Prensa\" src=\"https:\/\/sectorprensa.com.ar\/2023\/04\/25\/moreno-corre-por-la-diversidad-cultural\/embed\/#?secret=VuAzkefn5S#?secret=QZ2GNTC4DA\" data-secret=\"QZ2GNTC4DA\" width=\"600\" height=\"338\" frameborder=\"0\" marginwidth=\"0\" marginheight=\"0\" scrolling=\"no\"><\/iframe>\n<\/div><\/figure>\n\r\n","protected":false},"excerpt":{"rendered":"<p>Con la inversi\u00f3n del Fondo de Financiamiento Educativo, se realizan obras de ampliaci\u00f3n, refacci\u00f3n, y se entrega equipamiento escolar. El<\/p>\n","protected":false},"author":6,"featured_media":53759,"comment_status":"closed","ping_status":"closed","sticky":false,"template":"","format":"standard","meta":{"colormag_page_container_layout":"default_layout","colormag_page_sidebar_layout":"default_layout","footnotes":""},"categories":[17,2154,1173,10],"tags":[208,2031,437,395],"class_list":["post-53758","post","type-post","status-publish","format-standard","has-post-thumbnail","hentry","category-destacadas","category-moreno","category-municipales","category-sociedad","tag-escuelas","tag-mobiliario","tag-moreno","tag-obras"],"_links":{"self":[{"href":"https:\/\/sectorprensa.com.ar\/index.php?rest_route=\/wp\/v2\/posts\/53758","targetHints":{"allow":["GET"]}}],"collection":[{"href":"https:\/\/sectorprensa.com.ar\/index.php?rest_route=\/wp\/v2\/posts"}],"about":[{"href":"https:\/\/sectorprensa.com.ar\/index.php?rest_route=\/wp\/v2\/types\/post"}],"author":[{"embeddable":true,"href":"https:\/\/sectorprensa.com.ar\/index.php?rest_route=\/wp\/v2\/users\/6"}],"replies":[{"embeddable":true,"href":"https:\/\/sectorprensa.com.ar\/index.php?rest_route=%2Fwp%2Fv2%2Fcomments&post=53758"}],"version-history":[{"count":1,"href":"https:\/\/sectorprensa.com.ar\/index.php?rest_route=\/wp\/v2\/posts\/53758\/revisions"}],"predecessor-version":[{"id":53760,"href":"https:\/\/sectorprensa.com.ar\/index.php?rest_route=\/wp\/v2\/posts\/53758\/revisions\/53760"}],"wp:featuredmedia":[{"embeddable":true,"href":"https:\/\/sectorprensa.com.ar\/index.php?rest_route=\/wp\/v2\/media\/53759"}],"wp:attachment":[{"href":"https:\/\/sectorprensa.com.ar\/index.php?rest_route=%2Fwp%2Fv2%2Fmedia&parent=53758"}],"wp:term":[{"taxonomy":"category","embeddable":true,"href":"https:\/\/sectorprensa.com.ar\/index.php?rest_route=%2Fwp%2Fv2%2Fcategories&post=53758"},{"taxonomy":"post_tag","embeddable":true,"href":"https:\/\/sectorprensa.com.ar\/index.php?rest_route=%2Fwp%2Fv2%2Ftags&post=53758"}],"curies":[{"name":"wp","href":"https:\/\/api.w.org\/{rel}","templated":true}]}}