{"id":53762,"date":"2023-04-26T09:54:04","date_gmt":"2023-04-26T12:54:04","guid":{"rendered":"https:\/\/sectorprensa.com.ar\/?p=53762"},"modified":"2023-04-26T09:54:15","modified_gmt":"2023-04-26T12:54:15","slug":"el-concejal-de-hurlingham-lucas-delfino-fue-infraccionado-por-conducir-intoxicado","status":"publish","type":"post","link":"https:\/\/sectorprensa.com.ar\/?p=53762","title":{"rendered":"El concejal de Hurlingham Lucas Delfino fue infraccionado por conducir intoxicado"},"content":{"rendered":"\n<h6 class=\"wp-block-heading\"><strong>Delfino, que tambi\u00e9n es presidente del Ente de Turismo porte\u00f1o, conduc\u00eda con 0,24 gramos de alcohol en sangre. Qu\u00e9 dijo el director de la ANSV.<\/strong><\/h6>\n\n\n\n<p>En las \u00faltimas horas, se dio a conocer que el concejal y precandidato a intendente de Hurlingham de Juntos por el Cambio, Lucas Delfino, fue infraccionado en un control vehicular ocurrido el 18 de marzo pasado.<\/p>\n\n\n\n<p>El tambi\u00e9n presidente del Ente de Turismo porte\u00f1o conduc\u00eda con 0,24 gramos de alcohol en sangre en la ruta 9, a la altura de Z\u00e1rate.<\/p>\n\n\n\n<figure class=\"wp-block-image size-full\"><img loading=\"lazy\" decoding=\"async\" width=\"960\" height=\"640\" src=\"https:\/\/sectorprensa.com.ar\/wp-content\/uploads\/2023\/04\/fw.jpeg\" alt=\"\" class=\"wp-image-53764\" srcset=\"https:\/\/sectorprensa.com.ar\/wp-content\/uploads\/2023\/04\/fw.jpeg 960w, https:\/\/sectorprensa.com.ar\/wp-content\/uploads\/2023\/04\/fw-300x200.jpeg 300w, https:\/\/sectorprensa.com.ar\/wp-content\/uploads\/2023\/04\/fw-768x512.jpeg 768w\" sizes=\"auto, (max-width: 960px) 100vw, 960px\" \/><\/figure>\n\n\n\n<p>En este sentido, a Delfino se le labr\u00f3 el acta. Aunque no se le retuvo el veh\u00edculo ya que viajaba con su mujer, que tiene el registro habilitante y no hab\u00eda consumido alcohol.<\/p>\n\n\n\n<p>Es importante recordar que desde diciembre pasado en la provincia de Buenos Aires rige la ley de Alcohol Cero al Volante.<\/p>\n\n\n\n<figure class=\"wp-block-embed is-type-rich is-provider-twitter wp-block-embed-twitter\"><div class=\"wp-block-embed__wrapper\">\n<blockquote class=\"twitter-tweet\" data-width=\"550\" data-dnt=\"true\"><p lang=\"es\" dir=\"ltr\">Lucas, cuando recorras las calles por favor hacelo sin estar intoxicado al volante, por tu bien y el de los vecinos.  Desde la ANSV vamos a solicitar al distrito que te otorg\u00f3 la licencia que vuelva a evaluarte, como medida de cuidado. <a href=\"https:\/\/t.co\/M9XGl2fo51\">https:\/\/t.co\/M9XGl2fo51<\/a> <a href=\"https:\/\/t.co\/w8Cp3T39G9\">pic.twitter.com\/w8Cp3T39G9<\/a><\/p>&mdash; Pablo Martinez Carignano (@pmcarignano) <a href=\"https:\/\/twitter.com\/pmcarignano\/status\/1650626574893416448?ref_src=twsrc%5Etfw\">April 24, 2023<\/a><\/blockquote><script async src=\"https:\/\/platform.twitter.com\/widgets.js\" charset=\"utf-8\"><\/script>\n<\/div><\/figure>\n\n\n\n<p>Tras darse a conocer el hecho, el director ejecutivo de la Agencia Nacional de Seguridad Vial, Pablo Mart\u00ednez Carignano, se expres\u00f3 en Twitter: \u201cLucas cuando recorras las calles por favor hacelo sin estar intoxicado al volante, por tu bien y el de los vecinos. Desde la ANSV vamos a solicitar al distrito que te otorg\u00f3 la licencia que vuelva a evaluarte, como medida de cuidado\u201d.<\/p>\n\n\n\n<figure class=\"wp-block-embed is-type-wp-embed is-provider-sector-prensa wp-block-embed-sector-prensa\"><div class=\"wp-block-embed__wrapper\">\n<blockquote class=\"wp-embedded-content\" data-secret=\"ys1bzWl13Q\"><a href=\"https:\/\/sectorprensa.com.ar\/2023\/04\/21\/hurlingham-zabaleta-y-anibal-fernandez-firmaron-convenio-para-sumar-camaras-de-monitoreo\/\">Hurlingham: Zabaleta y An\u00edbal Fern\u00e1ndez firmaron convenio para sumar c\u00e1maras de monitoreo<\/a><\/blockquote><iframe loading=\"lazy\" class=\"wp-embedded-content\" sandbox=\"allow-scripts\" security=\"restricted\" style=\"position: absolute; clip: rect(1px, 1px, 1px, 1px);\" title=\"\u00abHurlingham: Zabaleta y An\u00edbal Fern\u00e1ndez firmaron convenio para sumar c\u00e1maras de monitoreo\u00bb \u2014 Sector Prensa\" src=\"https:\/\/sectorprensa.com.ar\/2023\/04\/21\/hurlingham-zabaleta-y-anibal-fernandez-firmaron-convenio-para-sumar-camaras-de-monitoreo\/embed\/#?secret=gRJg2Uu5J5#?secret=ys1bzWl13Q\" data-secret=\"ys1bzWl13Q\" width=\"600\" height=\"338\" frameborder=\"0\" marginwidth=\"0\" marginheight=\"0\" scrolling=\"no\"><\/iframe>\n<\/div><\/figure>\n\r\n","protected":false},"excerpt":{"rendered":"<p>Delfino, que tambi\u00e9n es presidente del Ente de Turismo porte\u00f1o, conduc\u00eda con 0,24 gramos de alcohol en sangre. Qu\u00e9 dijo<\/p>\n","protected":false},"author":6,"featured_media":53765,"comment_status":"closed","ping_status":"closed","sticky":false,"template":"","format":"standard","meta":{"colormag_page_container_layout":"default_layout","colormag_page_sidebar_layout":"default_layout","footnotes":""},"categories":[6,6828,12,8],"tags":[7236,6573,575,1389,188],"class_list":["post-53762","post","type-post","status-publish","format-standard","has-post-thumbnail","hentry","category-hurlingham","category-mas-destacadas","category-policiales","category-politica","tag-alcohol-cero","tag-alcohol-cero-al-volante","tag-alcoholemia","tag-control-vehicular","tag-lucas-delfino"],"_links":{"self":[{"href":"https:\/\/sectorprensa.com.ar\/index.php?rest_route=\/wp\/v2\/posts\/53762","targetHints":{"allow":["GET"]}}],"collection":[{"href":"https:\/\/sectorprensa.com.ar\/index.php?rest_route=\/wp\/v2\/posts"}],"about":[{"href":"https:\/\/sectorprensa.com.ar\/index.php?rest_route=\/wp\/v2\/types\/post"}],"author":[{"embeddable":true,"href":"https:\/\/sectorprensa.com.ar\/index.php?rest_route=\/wp\/v2\/users\/6"}],"replies":[{"embeddable":true,"href":"https:\/\/sectorprensa.com.ar\/index.php?rest_route=%2Fwp%2Fv2%2Fcomments&post=53762"}],"version-history":[{"count":1,"href":"https:\/\/sectorprensa.com.ar\/index.php?rest_route=\/wp\/v2\/posts\/53762\/revisions"}],"predecessor-version":[{"id":53766,"href":"https:\/\/sectorprensa.com.ar\/index.php?rest_route=\/wp\/v2\/posts\/53762\/revisions\/53766"}],"wp:featuredmedia":[{"embeddable":true,"href":"https:\/\/sectorprensa.com.ar\/index.php?rest_route=\/wp\/v2\/media\/53765"}],"wp:attachment":[{"href":"https:\/\/sectorprensa.com.ar\/index.php?rest_route=%2Fwp%2Fv2%2Fmedia&parent=53762"}],"wp:term":[{"taxonomy":"category","embeddable":true,"href":"https:\/\/sectorprensa.com.ar\/index.php?rest_route=%2Fwp%2Fv2%2Fcategories&post=53762"},{"taxonomy":"post_tag","embeddable":true,"href":"https:\/\/sectorprensa.com.ar\/index.php?rest_route=%2Fwp%2Fv2%2Ftags&post=53762"}],"curies":[{"name":"wp","href":"https:\/\/api.w.org\/{rel}","templated":true}]}}