{"id":53794,"date":"2023-04-26T15:46:43","date_gmt":"2023-04-26T18:46:43","guid":{"rendered":"https:\/\/sectorprensa.com.ar\/?p=53794"},"modified":"2023-04-26T19:07:50","modified_gmt":"2023-04-26T22:07:50","slug":"crimen-de-daniel-barrientos-la-uta-repudio-la-liberacion-de-los-detenidos","status":"publish","type":"post","link":"https:\/\/sectorprensa.com.ar\/?p=53794","title":{"rendered":"Crimen de Daniel Barrientos: la UTA repudi\u00f3 la liberaci\u00f3n de los detenidos"},"content":{"rendered":"\n<h6 class=\"wp-block-heading\"><strong>El sindicato emiti\u00f3 un comunicado donde expres\u00f3 que \u00abvemos en una nueva se\u00f1al que no es tiempo para la justicia y que nuestro compa\u00f1ero no descansar\u00e1 en paz\u00bb.<\/strong><\/h6>\n\n\n\n<p>Luego de que liberaran a los dos acusados por el crimen del colectivero Daniel Barrientos, el 3 de abril en La Matanza, la Uni\u00f3n de Transporte Automotor emiti\u00f3 un comunicado repudiando esta decisi\u00f3n. All\u00ed, responsabiliz\u00f3 de no solicitar la prisi\u00f3n preventiva al fiscal Gast\u00f3n Dupla\u00e1, quien lleva adelante la investigaci\u00f3n.<\/p>\n\n\n\n<p>El sindicato sostuvo que \u00abcon total consternaci\u00f3n, vemos en una nueva se\u00f1al que no es tiempo para la justicia y que nuestro compa\u00f1ero Daniel Barrientos no descansar\u00e1 en paz\u00bb, y agreg\u00f3 que la decisi\u00f3n de \u00abno pedir la prisi\u00f3n preventiva\u00bb a los sospechosos, dos j\u00f3venes de 19 y 24 a\u00f1os, fue del \u00abfiscal que investiga el caso\u00bb. Luego, afirmaron que \u00abno hay detenidos\u00bb en la actualidad.<\/p>\n\n\n\n<p>\u00abNo nos corresponde juzgar, pero s\u00ed saber lo que sucede, qu\u00e9 pasa. Los detenidos, si son sospechosos, deber\u00edan continuar detenidos y, si no lo son, \u00bfd\u00f3nde est\u00e1n los autores? \u00bfJusticia para cu\u00e1ndo?\u00bb, expresaron.<\/p>\n\n\n\n<p>Luego, se\u00f1alaron que el Estado debe \u00abbrindarnos seguridad a todos\u00bb y que cuando se produce una falla en ese sentido, \u00abla justicia debe aprehender y condenar al culpable\u00bb. Sin embargo, \u00absufrimos como trabajadores los cr\u00edmenes y no se aprehenden ni condenan a los culpables\u00bb, concluyeron.<\/p>\n\n\n\n<figure class=\"wp-block-embed is-type-wp-embed is-provider-sector-prensa wp-block-embed-sector-prensa\"><div class=\"wp-block-embed__wrapper\">\n<blockquote class=\"wp-embedded-content\" data-secret=\"ZudYe22fkx\"><a href=\"https:\/\/sectorprensa.com.ar\/2023\/04\/25\/colectivos-empresas-de-larga-distancia-podrian-suspender-los-pasajes-gratis-a-personas-con-discapacidad\/\">Colectivos: empresas de larga distancia podr\u00edan suspender los pasajes gratis a personas con discapacidad<\/a><\/blockquote><iframe loading=\"lazy\" class=\"wp-embedded-content\" sandbox=\"allow-scripts\" security=\"restricted\" style=\"position: absolute; clip: rect(1px, 1px, 1px, 1px);\" title=\"\u00abColectivos: empresas de larga distancia podr\u00edan suspender los pasajes gratis a personas con discapacidad\u00bb \u2014 Sector Prensa\" src=\"https:\/\/sectorprensa.com.ar\/2023\/04\/25\/colectivos-empresas-de-larga-distancia-podrian-suspender-los-pasajes-gratis-a-personas-con-discapacidad\/embed\/#?secret=AKjRfeo9s5#?secret=ZudYe22fkx\" data-secret=\"ZudYe22fkx\" width=\"600\" height=\"338\" frameborder=\"0\" marginwidth=\"0\" marginheight=\"0\" scrolling=\"no\"><\/iframe>\n<\/div><\/figure>\n\r\n","protected":false},"excerpt":{"rendered":"<p>El sindicato emiti\u00f3 un comunicado donde expres\u00f3 que \u00abvemos en una nueva se\u00f1al que no es tiempo para la justicia<\/p>\n","protected":false},"author":5,"featured_media":53805,"comment_status":"closed","ping_status":"closed","sticky":false,"template":"","format":"standard","meta":{"colormag_page_container_layout":"default_layout","colormag_page_sidebar_layout":"default_layout","footnotes":""},"categories":[17,8],"tags":[7624,5077],"class_list":["post-53794","post","type-post","status-publish","format-standard","has-post-thumbnail","hentry","category-destacadas","category-politica","tag-daniel-barrientos","tag-uta"],"_links":{"self":[{"href":"https:\/\/sectorprensa.com.ar\/index.php?rest_route=\/wp\/v2\/posts\/53794","targetHints":{"allow":["GET"]}}],"collection":[{"href":"https:\/\/sectorprensa.com.ar\/index.php?rest_route=\/wp\/v2\/posts"}],"about":[{"href":"https:\/\/sectorprensa.com.ar\/index.php?rest_route=\/wp\/v2\/types\/post"}],"author":[{"embeddable":true,"href":"https:\/\/sectorprensa.com.ar\/index.php?rest_route=\/wp\/v2\/users\/5"}],"replies":[{"embeddable":true,"href":"https:\/\/sectorprensa.com.ar\/index.php?rest_route=%2Fwp%2Fv2%2Fcomments&post=53794"}],"version-history":[{"count":1,"href":"https:\/\/sectorprensa.com.ar\/index.php?rest_route=\/wp\/v2\/posts\/53794\/revisions"}],"predecessor-version":[{"id":53795,"href":"https:\/\/sectorprensa.com.ar\/index.php?rest_route=\/wp\/v2\/posts\/53794\/revisions\/53795"}],"wp:featuredmedia":[{"embeddable":true,"href":"https:\/\/sectorprensa.com.ar\/index.php?rest_route=\/wp\/v2\/media\/53805"}],"wp:attachment":[{"href":"https:\/\/sectorprensa.com.ar\/index.php?rest_route=%2Fwp%2Fv2%2Fmedia&parent=53794"}],"wp:term":[{"taxonomy":"category","embeddable":true,"href":"https:\/\/sectorprensa.com.ar\/index.php?rest_route=%2Fwp%2Fv2%2Fcategories&post=53794"},{"taxonomy":"post_tag","embeddable":true,"href":"https:\/\/sectorprensa.com.ar\/index.php?rest_route=%2Fwp%2Fv2%2Ftags&post=53794"}],"curies":[{"name":"wp","href":"https:\/\/api.w.org\/{rel}","templated":true}]}}