{"id":53797,"date":"2023-04-27T09:04:12","date_gmt":"2023-04-27T12:04:12","guid":{"rendered":"https:\/\/sectorprensa.com.ar\/?p=53797"},"modified":"2023-04-27T09:04:13","modified_gmt":"2023-04-27T12:04:13","slug":"moreno-se-entrego-equipamiento-a-jardines-comunitarios-y-centros-culturales","status":"publish","type":"post","link":"https:\/\/sectorprensa.com.ar\/?p=53797","title":{"rendered":"Moreno: se entreg\u00f3 equipamiento a jardines comunitarios y centros culturales"},"content":{"rendered":"\n<h6 class=\"wp-block-heading\"><strong>Se distribuyeron 300 sillas, 50 mesas, 12 computadoras, 11 impresoras, y 5 kits de cocina, que contienen batidoras de mano, pavas el\u00e9ctricas, hornos el\u00e9ctricos y amasadoras industriales.<\/strong><\/h6>\n\n\n\n<p>El Municipio de Moreno, a trav\u00e9s de la Direcci\u00f3n de Educaci\u00f3n Comunitaria y Popular perteneciente a la secretar\u00eda de Cultura Educaci\u00f3n y Deportes, entrego equipamiento escolar para fortalecer el desarrollo de Jardines Comunitarios y Centros culturales que beneficia a 1500 ni\u00f1os y ni\u00f1as.<\/p>\n\n\n\n<p>Se distribuyeron 300 sillas, 50 mesas, 12 computadoras, 11 impresoras, y 5 kits de cocina, que contienen batidoras de mano, pavas el\u00e9ctricas, hornos el\u00e9ctricos y amasadoras industriales.<\/p>\n\n\n\n<figure class=\"wp-block-embed is-type-rich is-provider-twitter wp-block-embed-twitter\"><div class=\"wp-block-embed__wrapper\">\n<blockquote class=\"twitter-tweet\" data-width=\"550\" data-dnt=\"true\"><p lang=\"es\" dir=\"ltr\">\u2705 300 sillas<br>\u2705 50 mesas<br>\u2705 12 computadoras<br>\u2705 11 impresoras<br>\u2705 5 Kits para cocina: con batidora de mano, pava el\u00e9ctrica, horno el\u00e9ctrico y amasadora industrial. <a href=\"https:\/\/t.co\/UQ2vgcDrCp\">pic.twitter.com\/UQ2vgcDrCp<\/a><\/p>&mdash; Moreno (@MorenoMunicip) <a href=\"https:\/\/twitter.com\/MorenoMunicip\/status\/1651227311696486403?ref_src=twsrc%5Etfw\">April 26, 2023<\/a><\/blockquote><script async src=\"https:\/\/platform.twitter.com\/widgets.js\" charset=\"utf-8\"><\/script>\n<\/div><\/figure>\n\n\n\n<p>Los beneficiarios fueron los Jardines Comunitarios Los Horneritos, Poyi C\u00e1rdenas, Villa Mandarina, Rodolfo Coronel, Dulce Alegr\u00eda y Rinc\u00f3n de Sue\u00f1os de la localidad de Cuartel V; Vaquitas Rojas y Mi Peque\u00f1o Arco\u00edris de la localidad de Moreno Sur; El Molinito de Francisco \u00c1lvarez; La Casita de Sebasti\u00e1n y La Casita de Ofelia de la localidad de Trujui, el jard\u00edn comunitario Santa Elena de la localidad de Moreno Norte y Gaona de la localidad de La Reja.<\/p>\n\n\n\n<p>Tambi\u00e9n entregaron equipamiento a los Centros Culturales Ciudad Hormiga, El secreto de los duendes y Rayuela.<\/p>\n\n\n\n<figure class=\"wp-block-embed is-type-rich is-provider-twitter wp-block-embed-twitter\"><div class=\"wp-block-embed__wrapper\">\n<blockquote class=\"twitter-tweet\" data-width=\"550\" data-dnt=\"true\"><p lang=\"es\" dir=\"ltr\">y los Centros Culturales: Ciudad Hormiga, El Secreto de los Duendes y Rayuela.<br><br>Continuaremos acompa\u00f1ando y fortaleciendo el desarrollo de los Jardines Comunitarios y Centros Culturales de Moreno \ud83d\udc99<\/p>&mdash; Moreno (@MorenoMunicip) <a href=\"https:\/\/twitter.com\/MorenoMunicip\/status\/1651227459268820993?ref_src=twsrc%5Etfw\">April 26, 2023<\/a><\/blockquote><script async src=\"https:\/\/platform.twitter.com\/widgets.js\" charset=\"utf-8\"><\/script>\n<\/div><\/figure>\n\n\n\n<p>Adem\u00e1s, Gabriela del Centro Comunitario El Encuentro dijo que: \u201cEstamos felices contentas y agradecidas por los nuevos materiales que nos llegaron, muchas gracias a la gesti\u00f3n y a todo el equipo que vienen laburando haciendo que los recursos lleguen al barrio\u201d.<\/p>\n\n\n\n<p>Marcela, responsable del Jard\u00edn Comunitario La Casita de Sebasti\u00e1n expres\u00f3: \u201cMuy muy contentas con la gesti\u00f3n, no quedo en palabras si no en acciones y estamos contentas porque nuestros pibes van a tener un jard\u00edn seguro y confortable\u201d.<\/p>\n\n\n\n<p>En esta jornada estuvieron presentes Silvina S\u00e1nchez, directora de Educaci\u00f3n Comunitaria y Popular, Cynthia Mu\u00f1oz, Secretar\u00eda de Cultura Educaci\u00f3n y Deporte, maestras y responsables de jardines comunitarios y autoridades municipales.<\/p>\n\n\n\n<figure class=\"wp-block-embed is-type-wp-embed is-provider-sector-prensa wp-block-embed-sector-prensa\"><div class=\"wp-block-embed__wrapper\">\n<blockquote class=\"wp-embedded-content\" data-secret=\"ULCdPFmY52\"><a href=\"https:\/\/sectorprensa.com.ar\/2023\/04\/26\/avanzan-las-obras-en-los-institutos-educativos-en-moreno-norte\/\">Avanzan las obras en los institutos educativos en Moreno Norte<\/a><\/blockquote><iframe loading=\"lazy\" class=\"wp-embedded-content\" sandbox=\"allow-scripts\" security=\"restricted\" style=\"position: absolute; clip: rect(1px, 1px, 1px, 1px);\" title=\"\u00abAvanzan las obras en los institutos educativos en Moreno Norte\u00bb \u2014 Sector Prensa\" src=\"https:\/\/sectorprensa.com.ar\/2023\/04\/26\/avanzan-las-obras-en-los-institutos-educativos-en-moreno-norte\/embed\/#?secret=Nf3hRREX6b#?secret=ULCdPFmY52\" data-secret=\"ULCdPFmY52\" width=\"600\" height=\"338\" frameborder=\"0\" marginwidth=\"0\" marginheight=\"0\" scrolling=\"no\"><\/iframe>\n<\/div><\/figure>\n\r\n","protected":false},"excerpt":{"rendered":"<p>Se distribuyeron 300 sillas, 50 mesas, 12 computadoras, 11 impresoras, y 5 kits de cocina, que contienen batidoras de mano,<\/p>\n","protected":false},"author":6,"featured_media":53798,"comment_status":"closed","ping_status":"closed","sticky":false,"template":"","format":"standard","meta":{"colormag_page_container_layout":"default_layout","colormag_page_sidebar_layout":"default_layout","footnotes":""},"categories":[17,2154,1173,10],"tags":[4592,4865],"class_list":["post-53797","post","type-post","status-publish","format-standard","has-post-thumbnail","hentry","category-destacadas","category-moreno","category-municipales","category-sociedad","tag-equipamiento","tag-jardines-comunitarios"],"_links":{"self":[{"href":"https:\/\/sectorprensa.com.ar\/index.php?rest_route=\/wp\/v2\/posts\/53797","targetHints":{"allow":["GET"]}}],"collection":[{"href":"https:\/\/sectorprensa.com.ar\/index.php?rest_route=\/wp\/v2\/posts"}],"about":[{"href":"https:\/\/sectorprensa.com.ar\/index.php?rest_route=\/wp\/v2\/types\/post"}],"author":[{"embeddable":true,"href":"https:\/\/sectorprensa.com.ar\/index.php?rest_route=\/wp\/v2\/users\/6"}],"replies":[{"embeddable":true,"href":"https:\/\/sectorprensa.com.ar\/index.php?rest_route=%2Fwp%2Fv2%2Fcomments&post=53797"}],"version-history":[{"count":1,"href":"https:\/\/sectorprensa.com.ar\/index.php?rest_route=\/wp\/v2\/posts\/53797\/revisions"}],"predecessor-version":[{"id":53799,"href":"https:\/\/sectorprensa.com.ar\/index.php?rest_route=\/wp\/v2\/posts\/53797\/revisions\/53799"}],"wp:featuredmedia":[{"embeddable":true,"href":"https:\/\/sectorprensa.com.ar\/index.php?rest_route=\/wp\/v2\/media\/53798"}],"wp:attachment":[{"href":"https:\/\/sectorprensa.com.ar\/index.php?rest_route=%2Fwp%2Fv2%2Fmedia&parent=53797"}],"wp:term":[{"taxonomy":"category","embeddable":true,"href":"https:\/\/sectorprensa.com.ar\/index.php?rest_route=%2Fwp%2Fv2%2Fcategories&post=53797"},{"taxonomy":"post_tag","embeddable":true,"href":"https:\/\/sectorprensa.com.ar\/index.php?rest_route=%2Fwp%2Fv2%2Ftags&post=53797"}],"curies":[{"name":"wp","href":"https:\/\/api.w.org\/{rel}","templated":true}]}}