{"id":54187,"date":"2023-05-12T09:16:07","date_gmt":"2023-05-12T12:16:07","guid":{"rendered":"https:\/\/sectorprensa.com.ar\/?p=54187"},"modified":"2023-05-12T09:16:08","modified_gmt":"2023-05-12T12:16:08","slug":"moron-incorpora-nuevos-efectivos-policiales-para-reforzar-la-seguridad","status":"publish","type":"post","link":"https:\/\/sectorprensa.com.ar\/?p=54187","title":{"rendered":"Mor\u00f3n incorpora nuevos efectivos policiales para reforzar la seguridad"},"content":{"rendered":"\n<h6 class=\"wp-block-heading\"><strong>Son 300 nuevos efectivos que recorrer\u00e1n la comuna. Tambi\u00e9n se sumaron 10 m\u00f3viles y 12 motos que formar\u00e1n parte de la Fuerza Barrial de Aproximaci\u00f3n (FBA), nueva divisi\u00f3n de la Polic\u00eda Bonaerense.<\/strong><\/h6>\n\n\n\n<p>El pasado mi\u00e9rcoles, el intendente Lucas Ghi junto al subsecretario de Formaci\u00f3n y Desarrollo Profesional del Ministerio de Seguridad de la Provincia, Javier Alonso, encabezaron el acto de presentaci\u00f3n de 300 efectivos policiales, 10 m\u00f3viles y 12 motos que se suman a prestar servicio en Mor\u00f3n c\u00f3mo parte de la Fuerza Barrial de Aproximaci\u00f3n (FBA), una nueva divisi\u00f3n de la Polic\u00eda Bonaerense.<\/p>\n\n\n\n<p>Con el nuevo equipamiento y el personal incorporado se establecer\u00e1 la divisi\u00f3n FBA, cuya responsabilidad ser\u00e1 realizar patrullajes a pie, recorrer los distintos barrios y mantener una presencia de cercan\u00eda.<\/p>\n\n\n\n<figure class=\"wp-block-embed is-type-rich is-provider-twitter wp-block-embed-twitter\"><div class=\"wp-block-embed__wrapper\">\n<blockquote class=\"twitter-tweet\" data-width=\"550\" data-dnt=\"true\"><p lang=\"es\" dir=\"ltr\">Los mismos, formar\u00e1n parte de la nueva divisi\u00f3n de la polic\u00eda bonaerense llamada Fuerza Barrial de Aproximaci\u00f3n (FBA). <a href=\"https:\/\/t.co\/a8CvTTRTW6\">pic.twitter.com\/a8CvTTRTW6<\/a><\/p>&mdash; Lucas Ghi (@LucasGhi) <a href=\"https:\/\/twitter.com\/LucasGhi\/status\/1656397591540649984?ref_src=twsrc%5Etfw\">May 10, 2023<\/a><\/blockquote><script async src=\"https:\/\/platform.twitter.com\/widgets.js\" charset=\"utf-8\"><\/script>\n<\/div><\/figure>\n\n\n\n<p>Al respecto el intendente Ghi asegur\u00f3 que \u201csabemos la demanda persistente, leg\u00edtima y razonable de nuestra comunidad en relaci\u00f3n a la seguridad. En consecuencia, tiene que haber respuestas que vayan en la direcci\u00f3n de generar m\u00e1s prevenci\u00f3n. Y eso se logra con mayor presencia\u201d.<\/p>\n\n\n\n<p>\u201cAc\u00e1 hay una inversi\u00f3n sumamente importante. En este caso, el respaldo es en t\u00e9rminos de inversi\u00f3n p\u00fablica para la adquisici\u00f3n de los veh\u00edculos, de motos, la capacitaci\u00f3n y el salario de estos efectivos. Esto habla de lo que para el Gobernador tambi\u00e9n es una prioridad y eso se tiene que ver reflejado en los territorios. A partir de hoy, esta nueva divisi\u00f3n va a recorrer todo el territorio\u201d, concluy\u00f3 el jefe comunal.<\/p>\n\n\n\n<figure class=\"wp-block-embed is-type-rich is-provider-twitter wp-block-embed-twitter\"><div class=\"wp-block-embed__wrapper\">\n<blockquote class=\"twitter-tweet\" data-width=\"550\" data-dnt=\"true\"><p lang=\"es\" dir=\"ltr\">\ud83d\ude4c\ud83c\udffdRespaldamos firmemente la inversi\u00f3n p\u00fablica destinada a la adquisici\u00f3n de veh\u00edculos y motos, la capacitaci\u00f3n y los salarios de los efectivos, lo cual se suma al nuevo equipamiento y personal proveniente de UTOI. <a href=\"https:\/\/t.co\/kapBMoVJon\">pic.twitter.com\/kapBMoVJon<\/a><\/p>&mdash; Lucas Ghi (@LucasGhi) <a href=\"https:\/\/twitter.com\/LucasGhi\/status\/1656397599379714048?ref_src=twsrc%5Etfw\">May 10, 2023<\/a><\/blockquote><script async src=\"https:\/\/platform.twitter.com\/widgets.js\" charset=\"utf-8\"><\/script>\n<\/div><\/figure>\n\n\n\n<p>Esta medida se lleva a cabo para reforzar el patrullaje y la presencia policial en diferentes zonas del partido para prevenir hechos de inseguridad. Adem\u00e1s, fortalece el trabajo que se realiza en conjunto desde la gesti\u00f3n provincial y local en materia de prevenci\u00f3n del delito.<\/p>\n\n\n\n<p>Por su parte, Javier Alonso se\u00f1al\u00f3: \u201cNosotros pensamos que hay que hacer planes para cada uno de los barrios. En ese sentido, aqu\u00ed en Mor\u00f3n armamos hace un tiempo atr\u00e1s una de las primeras bases de lo que es la fuerza de UTOI. Esto nos permiti\u00f3 llegar a barrios donde la polic\u00eda habitualmente no trabajaba, no patrullaba, cuidando a los vecinos. Y de ese germen hoy estamos presentando las bases de la Fuerza Barrial de Aproximaci\u00f3n. Ser\u00e1 una polic\u00eda que est\u00e1 preparada para hacer cesar el delito, para reducir los niveles de violencia y para trabajar en diferentes barrios\u201d.<\/p>\n\n\n\n<p>Esta medida se suma a la renovaci\u00f3n de la flota de patrullaje realizada en articulaci\u00f3n entre el municipio y la Provincia, la instalaci\u00f3n de paradas seguras y alarmas vecinales. As\u00ed como tambi\u00e9n, la recuperaci\u00f3n de c\u00e1maras de seguridad fuera de servicio y la incorporaci\u00f3n de nuevas terminales en diferentes puntos de la comuna.<\/p>\n\n\n\n<p>En la presentaci\u00f3n de los efectivos, tambi\u00e9n estuvieron presentes el secretario de Seguridad municipal, Gustavo Yapura; el secretario de Desarrollo Productivo, Santiago Mu\u00f1iz; la secretaria de Educaci\u00f3n, Cultura y Deporte, Mar\u00eda Jos\u00e9 Peteira; la secretaria de Mujeres, G\u00e9neros, Diversidad y Derechos Humanos, Cinthia Fr\u00edas; el jefe de asesores, Hern\u00e1n Sabbatella; el presidente del Honorable Concejo Deliberante de Mor\u00f3n, Marcelo Gonz\u00e1lez; diferentes miembros del gabinete municipal y concejales y concejalas.<\/p>\n\n\n\n<figure class=\"wp-block-embed is-type-wp-embed is-provider-sector-prensa wp-block-embed-sector-prensa\"><div class=\"wp-block-embed__wrapper\">\n<blockquote class=\"wp-embedded-content\" data-secret=\"zaKjIjTsRA\"><a href=\"https:\/\/sectorprensa.com.ar\/2023\/05\/10\/video-ramiro-tagliaferro-no-sera-candidato-a-intendente-de-moron\/\">[Video] Ramiro Tagliaferro no ser\u00e1 candidato a intendente de Mor\u00f3n<\/a><\/blockquote><iframe loading=\"lazy\" class=\"wp-embedded-content\" sandbox=\"allow-scripts\" security=\"restricted\" style=\"position: absolute; clip: rect(1px, 1px, 1px, 1px);\" title=\"\u00ab[Video] Ramiro Tagliaferro no ser\u00e1 candidato a intendente de Mor\u00f3n\u00bb \u2014 Sector Prensa\" src=\"https:\/\/sectorprensa.com.ar\/2023\/05\/10\/video-ramiro-tagliaferro-no-sera-candidato-a-intendente-de-moron\/embed\/#?secret=3wfEyrV04m#?secret=zaKjIjTsRA\" data-secret=\"zaKjIjTsRA\" width=\"600\" height=\"338\" frameborder=\"0\" marginwidth=\"0\" marginheight=\"0\" scrolling=\"no\"><\/iframe>\n<\/div><\/figure>\n\r\n","protected":false},"excerpt":{"rendered":"<p>Son 300 nuevos efectivos que recorrer\u00e1n la comuna. Tambi\u00e9n se sumaron 10 m\u00f3viles y 12 motos que formar\u00e1n parte de<\/p>\n","protected":false},"author":6,"featured_media":54188,"comment_status":"closed","ping_status":"closed","sticky":false,"template":"","format":"standard","meta":{"colormag_page_container_layout":"default_layout","colormag_page_sidebar_layout":"default_layout","footnotes":""},"categories":[6828,5,1173,8,10],"tags":[4351,7737,311,196],"class_list":["post-54187","post","type-post","status-publish","format-standard","has-post-thumbnail","hentry","category-mas-destacadas","category-moron","category-municipales","category-politica","category-sociedad","tag-efectivos-policiales","tag-fba","tag-lucas-ghi","tag-seguridad"],"_links":{"self":[{"href":"https:\/\/sectorprensa.com.ar\/index.php?rest_route=\/wp\/v2\/posts\/54187","targetHints":{"allow":["GET"]}}],"collection":[{"href":"https:\/\/sectorprensa.com.ar\/index.php?rest_route=\/wp\/v2\/posts"}],"about":[{"href":"https:\/\/sectorprensa.com.ar\/index.php?rest_route=\/wp\/v2\/types\/post"}],"author":[{"embeddable":true,"href":"https:\/\/sectorprensa.com.ar\/index.php?rest_route=\/wp\/v2\/users\/6"}],"replies":[{"embeddable":true,"href":"https:\/\/sectorprensa.com.ar\/index.php?rest_route=%2Fwp%2Fv2%2Fcomments&post=54187"}],"version-history":[{"count":1,"href":"https:\/\/sectorprensa.com.ar\/index.php?rest_route=\/wp\/v2\/posts\/54187\/revisions"}],"predecessor-version":[{"id":54189,"href":"https:\/\/sectorprensa.com.ar\/index.php?rest_route=\/wp\/v2\/posts\/54187\/revisions\/54189"}],"wp:featuredmedia":[{"embeddable":true,"href":"https:\/\/sectorprensa.com.ar\/index.php?rest_route=\/wp\/v2\/media\/54188"}],"wp:attachment":[{"href":"https:\/\/sectorprensa.com.ar\/index.php?rest_route=%2Fwp%2Fv2%2Fmedia&parent=54187"}],"wp:term":[{"taxonomy":"category","embeddable":true,"href":"https:\/\/sectorprensa.com.ar\/index.php?rest_route=%2Fwp%2Fv2%2Fcategories&post=54187"},{"taxonomy":"post_tag","embeddable":true,"href":"https:\/\/sectorprensa.com.ar\/index.php?rest_route=%2Fwp%2Fv2%2Ftags&post=54187"}],"curies":[{"name":"wp","href":"https:\/\/api.w.org\/{rel}","templated":true}]}}