{"id":54267,"date":"2023-05-14T21:42:32","date_gmt":"2023-05-15T00:42:32","guid":{"rendered":"https:\/\/sectorprensa.com.ar\/?p=54267"},"modified":"2023-05-14T21:42:33","modified_gmt":"2023-05-15T00:42:33","slug":"midland-se-trepo-a-lo-mas-alto-del-torneo","status":"publish","type":"post","link":"https:\/\/sectorprensa.com.ar\/?p=54267","title":{"rendered":"Midland se trep\u00f3 a lo m\u00e1s alto del torneo"},"content":{"rendered":"\n<h6 class=\"wp-block-heading\"><strong>El Funebrero volvi\u00f3 a la victoria en Libertad luego de vencer a Sportivo Italiano por 1-0. De esta manera, se convirti\u00f3 en uno de los l\u00edderes moment\u00e1neos de la Primera C.<\/strong><\/h6>\n\n\n\n<p>Midland se convirti\u00f3 en uno de los punteros del campeonato, al menos de manera moment\u00e1nea. En el Ciudad de Libertad, derrot\u00f3 a Sportivo Italiano por 1-0 en el duelo correspondiente a jornada 17 de la Primera C. El gol del triunfo lo anot\u00f3 Francisco Molina a los 24 minutos del segundo tiempo.<\/p>\n\n\n\n<p>El Funebrero corta una racha de tres partidos sin ganar en su casa. Adem\u00e1s es l\u00edder con 31 unidades, junto a San Mart\u00edn de Burzaco y Liniers, hasta que J. J. Urquiza dispute su encuentro. En la pr\u00f3xima fecha, visitar\u00e1 a Deportivo Espa\u00f1ol.<\/p>\n\n\n\n<p><strong>FOTO: Prensa Midland<\/strong><\/p>\n\r\n","protected":false},"excerpt":{"rendered":"<p>El Funebrero volvi\u00f3 a la victoria en Libertad luego de vencer a Sportivo Italiano por 1-0. De esta manera, se<\/p>\n","protected":false},"author":5,"featured_media":54268,"comment_status":"closed","ping_status":"closed","sticky":false,"template":"","format":"standard","meta":{"colormag_page_container_layout":"default_layout","colormag_page_sidebar_layout":"default_layout","footnotes":""},"categories":[11],"tags":[89,91],"class_list":["post-54267","post","type-post","status-publish","format-standard","has-post-thumbnail","hentry","category-deportes","tag-midland","tag-primera-c"],"_links":{"self":[{"href":"https:\/\/sectorprensa.com.ar\/index.php?rest_route=\/wp\/v2\/posts\/54267","targetHints":{"allow":["GET"]}}],"collection":[{"href":"https:\/\/sectorprensa.com.ar\/index.php?rest_route=\/wp\/v2\/posts"}],"about":[{"href":"https:\/\/sectorprensa.com.ar\/index.php?rest_route=\/wp\/v2\/types\/post"}],"author":[{"embeddable":true,"href":"https:\/\/sectorprensa.com.ar\/index.php?rest_route=\/wp\/v2\/users\/5"}],"replies":[{"embeddable":true,"href":"https:\/\/sectorprensa.com.ar\/index.php?rest_route=%2Fwp%2Fv2%2Fcomments&post=54267"}],"version-history":[{"count":1,"href":"https:\/\/sectorprensa.com.ar\/index.php?rest_route=\/wp\/v2\/posts\/54267\/revisions"}],"predecessor-version":[{"id":54269,"href":"https:\/\/sectorprensa.com.ar\/index.php?rest_route=\/wp\/v2\/posts\/54267\/revisions\/54269"}],"wp:featuredmedia":[{"embeddable":true,"href":"https:\/\/sectorprensa.com.ar\/index.php?rest_route=\/wp\/v2\/media\/54268"}],"wp:attachment":[{"href":"https:\/\/sectorprensa.com.ar\/index.php?rest_route=%2Fwp%2Fv2%2Fmedia&parent=54267"}],"wp:term":[{"taxonomy":"category","embeddable":true,"href":"https:\/\/sectorprensa.com.ar\/index.php?rest_route=%2Fwp%2Fv2%2Fcategories&post=54267"},{"taxonomy":"post_tag","embeddable":true,"href":"https:\/\/sectorprensa.com.ar\/index.php?rest_route=%2Fwp%2Fv2%2Ftags&post=54267"}],"curies":[{"name":"wp","href":"https:\/\/api.w.org\/{rel}","templated":true}]}}