{"id":54281,"date":"2023-05-16T08:13:01","date_gmt":"2023-05-16T11:13:01","guid":{"rendered":"https:\/\/sectorprensa.com.ar\/?p=54281"},"modified":"2023-05-16T08:13:02","modified_gmt":"2023-05-16T11:13:02","slug":"moron-continua-con-los-trabajos-de-reconstruccion-y-renovacion-de-la-avenida-arenales","status":"publish","type":"post","link":"https:\/\/sectorprensa.com.ar\/?p=54281","title":{"rendered":"Mor\u00f3n contin\u00faa con los trabajos de reconstrucci\u00f3n y renovaci\u00f3n de la Avenida Arenales"},"content":{"rendered":"\n<h6 class=\"wp-block-heading\" id=\"89b1\"><strong>Estas fuertes intervenciones se realizan con el objetivo de renovar y mejorar integralmente esta importante v\u00eda, desde la calle Boquer\u00f3n hasta Ag\u00fcero en Mor\u00f3n.<\/strong><\/h6>\n\n\n\n<p id=\"2236\">El Municipio de Mor\u00f3n avanza con importantes obras para la reconstrucci\u00f3n total de la Av. General Arenales. En esta etapa las intervenciones se realizan desde la calle Boquer\u00f3n hacia Ag\u00fcero, en Mor\u00f3n.<\/p>\n\n\n\n<p id=\"7c3b\">En este sentido el jefe comunal expres\u00f3:&nbsp;\u201cEste plan de recuperaci\u00f3n de nuestra red vial es una prioridad. Estamos muy focalizados en la puesta en valor de nuestros corredores porque es una de las principales demandas que tiene nuestra comunidad y desde nuestro lugar, tenemos que responder estando a la altura y porque adem\u00e1s, favorece a la seguridad para la circulaci\u00f3n tanto vehicular, el transporte p\u00fablico, las bicicletas, y las y los peatones\u201d.<\/p>\n\n\n\n<figure class=\"wp-block-embed is-type-rich is-provider-twitter wp-block-embed-twitter\"><div class=\"wp-block-embed__wrapper\">\n<blockquote class=\"twitter-tweet\" data-width=\"550\" data-dnt=\"true\"><p lang=\"es\" dir=\"ltr\">\ud83d\udea7Trabajos de reconstrucci\u00f3n y renovaci\u00f3n de la \ud83d\udccd Avenida Arenales en Mor\u00f3n.<br><br>Con el fin de de renovar y mejorar integralmente esta importante v\u00eda, llevamos adelante las intervenciones desde la calle Boquer\u00f3n hasta Ag\u00fcero. Las obras brindar\u00e1n mayor fluidez al tr\u00e1nsito vehicular. <a href=\"https:\/\/t.co\/wtSkijRrot\">pic.twitter.com\/wtSkijRrot<\/a><\/p>&mdash; Lucas Ghi (@LucasGhi) <a href=\"https:\/\/twitter.com\/LucasGhi\/status\/1657034069287288835?ref_src=twsrc%5Etfw\">May 12, 2023<\/a><\/blockquote><script async src=\"https:\/\/platform.twitter.com\/widgets.js\" charset=\"utf-8\"><\/script>\n<\/div><\/figure>\n\n\n\n<p id=\"9844\">Las tareas se enmarcan en la intervenci\u00f3n integral y el mejoramiento urbano de toda la calzada, la cual incluye la repavimentaci\u00f3n, el bacheo y la construcci\u00f3n de nuevas losas, la reparaci\u00f3n de juntas, sumideros y rampas para peatones con movilidades reducidas.<\/p>\n\n\n\n<p id=\"adc9\">Tambi\u00e9n se realizar\u00e1 el marcaje de las v\u00edas de tr\u00e1fico, que incluye la se\u00f1alizaci\u00f3n horizontal, la simbolog\u00eda para cruces peatonales e indicaciones de giro y la se\u00f1alizaci\u00f3n vertical, para una mejor orientaci\u00f3n vehicular e incrementan la seguridad del tr\u00e1nsito.<\/p>\n\n\n\n<p id=\"e807\">Adem\u00e1s, se instalar\u00e1n nuevos refugios peatonales para el uso del trasporte p\u00fablico como as\u00ed tambi\u00e9n se reacondicionar\u00e1 el sistema de iluminaci\u00f3n y el semaf\u00f3rico que actualmente.<\/p>\n\n\n\n<figure class=\"wp-block-embed is-type-rich is-provider-twitter wp-block-embed-twitter\"><div class=\"wp-block-embed__wrapper\">\n<blockquote class=\"twitter-tweet\" data-width=\"550\" data-dnt=\"true\"><p lang=\"es\" dir=\"ltr\">\ud83d\ude8f Adem\u00e1s, se instalar\u00e1n nuevos refugios peatonales para el uso del trasporte p\u00fablico, se reacondicionar\u00e1 el sistema de iluminaci\u00f3n y el semaf\u00f3rico. \ud83d\udea6<br><br>\ud83d\udcaa\ud83c\udffd M\u00e1s obras que impactan positivamente en la calidad de vida de los vecinas y las vecinas.<\/p>&mdash; Lucas Ghi (@LucasGhi) <a href=\"https:\/\/twitter.com\/LucasGhi\/status\/1657034076900012038?ref_src=twsrc%5Etfw\">May 12, 2023<\/a><\/blockquote><script async src=\"https:\/\/platform.twitter.com\/widgets.js\" charset=\"utf-8\"><\/script>\n<\/div><\/figure>\n\n\n\n<p id=\"7f5a\">Al respecto Ghi agreg\u00f3 que&nbsp;\u201cSe trata de una inversi\u00f3n muy importante tanto desde el Estado municipal, en articulaci\u00f3n con Provincia y con Naci\u00f3n, para seguir realizando obras en diferentes corredores como lo hicimos en Rivadavia y en Ceballos, como la que se est\u00e1 ejecutando en la vieja Presidente Per\u00f3n, en la ex-Gaona en Villa Sarmiento, y puntualmente ahora en Arenales y el prop\u00f3sito es seguir con estas intervenciones por medio de una planificaci\u00f3n muy intensa y diversa que abarca revalorizar los principales barrios de nuestro distrito\u201d.<\/p>\n\n\n\n<p id=\"5d00\">Esta intervenci\u00f3n se enmarca en el Plan de Recuperaci\u00f3n Integral y Mejoramiento Vial que contin\u00faa desarrollando el Municipio en toda la comuna y se suma a los trabajos de bacheo, con una fuerte inversi\u00f3n de 600 millones de pesos, que se est\u00e1n realizando en Mor\u00f3n sur, en las calles Achaga y Ferreira hasta Espini, y desde Espini hasta Carapachay, que impactar\u00e1 de forma positiva la calidad de vida de los vecinas y las vecinas.<\/p>\n\n\n\n<p id=\"92fa\">En el mismo sentido, tambi\u00e9n est\u00e1n en marcha intervenciones enmarcadas en trabajos viales en la calle Carlos Casares entre Montes de Oca y Arias, del centro de Castelar. La misma, permanecer\u00e1 cerrada al tr\u00e1nsito por dichas obras, y para ingresar a la estaci\u00f3n de Castelar, la comunidad podr\u00e1 transitar por la v\u00eda alternativa de Montes de Oca hasta San Pedro, para luego retomar el acceso hacia la calle Arias.<\/p>\n\n\n\n<figure class=\"wp-block-embed is-type-wp-embed is-provider-sector-prensa wp-block-embed-sector-prensa\"><div class=\"wp-block-embed__wrapper\">\n<blockquote class=\"wp-embedded-content\" data-secret=\"EbJTWrQ8IK\"><a href=\"https:\/\/sectorprensa.com.ar\/2023\/05\/12\/moron-emotiva-sesion-en-el-concejo-deliberante\/\">Mor\u00f3n: emotiva sesi\u00f3n en el Concejo Deliberante<\/a><\/blockquote><iframe loading=\"lazy\" class=\"wp-embedded-content\" sandbox=\"allow-scripts\" security=\"restricted\" style=\"position: absolute; clip: rect(1px, 1px, 1px, 1px);\" title=\"\u00abMor\u00f3n: emotiva sesi\u00f3n en el Concejo Deliberante\u00bb \u2014 Sector Prensa\" src=\"https:\/\/sectorprensa.com.ar\/2023\/05\/12\/moron-emotiva-sesion-en-el-concejo-deliberante\/embed\/#?secret=kMshgkEF0b#?secret=EbJTWrQ8IK\" data-secret=\"EbJTWrQ8IK\" width=\"600\" height=\"338\" frameborder=\"0\" marginwidth=\"0\" marginheight=\"0\" scrolling=\"no\"><\/iframe>\n<\/div><\/figure>\n\n\n\n<p><a href=\"https:\/\/medium.com\/@prensamunicipiodemoron?source=post_page-----1fdeea7a0a19--------------------------------\"><\/a><\/p>\n\r\n","protected":false},"excerpt":{"rendered":"<p>Estas fuertes intervenciones se realizan con el objetivo de renovar y mejorar integralmente esta importante v\u00eda, desde la calle Boquer\u00f3n<\/p>\n","protected":false},"author":6,"featured_media":54282,"comment_status":"closed","ping_status":"closed","sticky":false,"template":"","format":"standard","meta":{"colormag_page_container_layout":"default_layout","colormag_page_sidebar_layout":"default_layout","footnotes":""},"categories":[6828,5,1173,8,10],"tags":[6932,311,395],"class_list":["post-54281","post","type-post","status-publish","format-standard","has-post-thumbnail","hentry","category-mas-destacadas","category-moron","category-municipales","category-politica","category-sociedad","tag-calle-arenales","tag-lucas-ghi","tag-obras"],"_links":{"self":[{"href":"https:\/\/sectorprensa.com.ar\/index.php?rest_route=\/wp\/v2\/posts\/54281","targetHints":{"allow":["GET"]}}],"collection":[{"href":"https:\/\/sectorprensa.com.ar\/index.php?rest_route=\/wp\/v2\/posts"}],"about":[{"href":"https:\/\/sectorprensa.com.ar\/index.php?rest_route=\/wp\/v2\/types\/post"}],"author":[{"embeddable":true,"href":"https:\/\/sectorprensa.com.ar\/index.php?rest_route=\/wp\/v2\/users\/6"}],"replies":[{"embeddable":true,"href":"https:\/\/sectorprensa.com.ar\/index.php?rest_route=%2Fwp%2Fv2%2Fcomments&post=54281"}],"version-history":[{"count":2,"href":"https:\/\/sectorprensa.com.ar\/index.php?rest_route=\/wp\/v2\/posts\/54281\/revisions"}],"predecessor-version":[{"id":54319,"href":"https:\/\/sectorprensa.com.ar\/index.php?rest_route=\/wp\/v2\/posts\/54281\/revisions\/54319"}],"wp:featuredmedia":[{"embeddable":true,"href":"https:\/\/sectorprensa.com.ar\/index.php?rest_route=\/wp\/v2\/media\/54282"}],"wp:attachment":[{"href":"https:\/\/sectorprensa.com.ar\/index.php?rest_route=%2Fwp%2Fv2%2Fmedia&parent=54281"}],"wp:term":[{"taxonomy":"category","embeddable":true,"href":"https:\/\/sectorprensa.com.ar\/index.php?rest_route=%2Fwp%2Fv2%2Fcategories&post=54281"},{"taxonomy":"post_tag","embeddable":true,"href":"https:\/\/sectorprensa.com.ar\/index.php?rest_route=%2Fwp%2Fv2%2Ftags&post=54281"}],"curies":[{"name":"wp","href":"https:\/\/api.w.org\/{rel}","templated":true}]}}