{"id":54336,"date":"2023-05-18T11:34:39","date_gmt":"2023-05-18T14:34:39","guid":{"rendered":"https:\/\/sectorprensa.com.ar\/?p=54336"},"modified":"2023-05-18T11:34:42","modified_gmt":"2023-05-18T14:34:42","slug":"seis-de-cada-diez-ninos-y-adolescentes-son-pobres-segun-la-uca","status":"publish","type":"post","link":"https:\/\/sectorprensa.com.ar\/?p=54336","title":{"rendered":"Seis de cada diez ni\u00f1os y adolescentes son pobres, seg\u00fan la UCA"},"content":{"rendered":"\n<h6 class=\"wp-block-heading\"><strong>Son datos de 2022. Unos 8,2 millones de ni\u00f1os, ni\u00f1as y adolescentes viven en condiciones de pobreza o indigencia.<\/strong><\/h6>\n\n\n\n<p>Seis de cada diez ni\u00f1os y adolescentes son pobres en la Argentina y unos 4,2 millones se alimentan menos que antes por la situaci\u00f3n econ\u00f3mica del pa\u00eds. As\u00ed lo advirti\u00f3 un informe del Observatorio de la Deuda Social de la Universidad Cat\u00f3lica Argentina (UCA) con datos correspondientes a 2022.<\/p>\n\n\n\n<p>Ese a\u00f1o concluy\u00f3 con un 61,6% de los ni\u00f1os, ni\u00f1as y adolescentes de la Argentina por debajo de la l\u00ednea de la pobreza, porcentaje que refleja que unos 8,2 millones no accede a la canasta b\u00e1sica total. De ese total, 1,6 mill\u00f3n vive en condiciones de indigencia (un 13,1% del total de la poblaci\u00f3n de hasta 17 a\u00f1os).<\/p>\n\n\n\n<figure class=\"wp-block-embed is-type-video is-provider-youtube wp-block-embed-youtube wp-embed-aspect-16-9 wp-has-aspect-ratio\"><div class=\"wp-block-embed__wrapper\">\n<iframe loading=\"lazy\" title=\"Seis de cada 10 ni\u00f1os son pobres en nuestro pa\u00eds\" width=\"800\" height=\"450\" src=\"https:\/\/www.youtube.com\/embed\/SLbrJOZT_k0?feature=oembed\" frameborder=\"0\" allow=\"accelerometer; autoplay; clipboard-write; encrypted-media; gyroscope; picture-in-picture; web-share\" allowfullscreen><\/iframe>\n<\/div><\/figure>\n\n\n\n<p>Por otra parte, el relevamiento arroj\u00f3 que el 31,4% de la poblaci\u00f3n infantil y adolescente sufr\u00eda de inseguridad alimentaria, entendida como el hecho de que en una familia se haya \u201creducido la dieta de alimentos en los \u00faltimos doce meses por problemas econ\u00f3micos\u201d, seg\u00fan la UCA.<\/p>\n\n\n\n<p>En consecuencia, 4,2 millones de personas se alimentan peor que antes como consecuencia de la crisis econ\u00f3mica: de ese total, 1,6 mill\u00f3n (12,3%) directamente sinti\u00f3 hambre.<\/p>\n\n\n\n<p>Entre 2019 y 2022 creci\u00f3 casi veinte puntos la cantidad de ni\u00f1os, ni\u00f1as y adolescentes cubiertos por la asistencia estatal, a trav\u00e9s de, por ejemplo, la Tarjeta Alimentar.<\/p>\n\n\n\n<p>Para la inseguridad alimentaria, la situaci\u00f3n en el conurbano bonaerense es peor que en otros grandes centros del pa\u00eds: el 15% de los sufri\u00f3 hambre en el \u00faltimo a\u00f1o. La pobreza infantil en esa regi\u00f3n llega hasta 69,1%, mientras que el 16,3% de los chicos y no tienen cubierta la canasta alimentaria, de acuerdo con el relevamiento acad\u00e9mico.<\/p>\n\n\n\n<p>Seg\u00fan la UCA, \u201cel balance es positivo en t\u00e9rminos de un proceso de recuperaci\u00f3n en relaci\u00f3n con el deterioro experimentado en 2020 pero es claro que se registra un piso del 30% de la poblaci\u00f3n infantil que carece de una alimentaci\u00f3n suficiente y casi la mitad de esta experimenta privaciones graves\u201d.<\/p>\n\n\n\n<p>Esa Universidad advirti\u00f3 que la protecci\u00f3n alimentaria a\u00fan resulta \u201cinsuficiente para erradicar el problema o incluso alcanzar niveles promedio similares a los de la d\u00e9cada 2010\/2019.<br>Sin dudas, el balance general del per\u00edodo 2010- 2022, en materia de acceso a la alimentaci\u00f3n es negativo\u201d.<\/p>\n\n\n\n<p>En cuanto a ni\u00f1os y adolescentes que tienen que salir a trabajar como consecuencia de la crisis econ\u00f3mico, la UCA se\u00f1al\u00f3: \u201cel trabajo en el mercado que en este caso se caracteriza por ser eminentemente urbano y como estrategia secundaria de sobrevivencia de los hogares, se estima que, en segundo semestre de 2022, alcanz\u00f3 al 9,2%\u201d.<\/p>\n\n\n\n<p>\u201cFue m\u00e1s elevada la incidencia en los adolescentes (19,7%), en el estrato trabajador marginal (10%), y en las \u00e1reas metropolitanas del interior del pa\u00eds y resto urbano interior (12,6% y 14,5%, respectivamente)\u201d, a\u00f1adi\u00f3. A la vez, indic\u00f3 que \u201cel trabajo dom\u00e9stico y econ\u00f3mico alcanza al 33,5% en la adolescencia y 6,4% en la ni\u00f1ez. Es similar por sexo, aunque en el caso del dom\u00e9stico es mayor entre las mujeres y el econ\u00f3mico entre los varones\u201d.<\/p>\n\r\n","protected":false},"excerpt":{"rendered":"<p>Son datos de 2022. Unos 8,2 millones de ni\u00f1os, ni\u00f1as y adolescentes viven en condiciones de pobreza o indigencia. Seis<\/p>\n","protected":false},"author":6,"featured_media":54337,"comment_status":"closed","ping_status":"closed","sticky":false,"template":"","format":"video","meta":{"colormag_page_container_layout":"default_layout","colormag_page_sidebar_layout":"default_layout","footnotes":""},"categories":[17,8,10],"tags":[5564,3626],"class_list":["post-54336","post","type-post","status-publish","format-video","has-post-thumbnail","hentry","category-destacadas","category-politica","category-sociedad","tag-economia","tag-pobreza","post_format-post-format-video"],"_links":{"self":[{"href":"https:\/\/sectorprensa.com.ar\/index.php?rest_route=\/wp\/v2\/posts\/54336","targetHints":{"allow":["GET"]}}],"collection":[{"href":"https:\/\/sectorprensa.com.ar\/index.php?rest_route=\/wp\/v2\/posts"}],"about":[{"href":"https:\/\/sectorprensa.com.ar\/index.php?rest_route=\/wp\/v2\/types\/post"}],"author":[{"embeddable":true,"href":"https:\/\/sectorprensa.com.ar\/index.php?rest_route=\/wp\/v2\/users\/6"}],"replies":[{"embeddable":true,"href":"https:\/\/sectorprensa.com.ar\/index.php?rest_route=%2Fwp%2Fv2%2Fcomments&post=54336"}],"version-history":[{"count":1,"href":"https:\/\/sectorprensa.com.ar\/index.php?rest_route=\/wp\/v2\/posts\/54336\/revisions"}],"predecessor-version":[{"id":54338,"href":"https:\/\/sectorprensa.com.ar\/index.php?rest_route=\/wp\/v2\/posts\/54336\/revisions\/54338"}],"wp:featuredmedia":[{"embeddable":true,"href":"https:\/\/sectorprensa.com.ar\/index.php?rest_route=\/wp\/v2\/media\/54337"}],"wp:attachment":[{"href":"https:\/\/sectorprensa.com.ar\/index.php?rest_route=%2Fwp%2Fv2%2Fmedia&parent=54336"}],"wp:term":[{"taxonomy":"category","embeddable":true,"href":"https:\/\/sectorprensa.com.ar\/index.php?rest_route=%2Fwp%2Fv2%2Fcategories&post=54336"},{"taxonomy":"post_tag","embeddable":true,"href":"https:\/\/sectorprensa.com.ar\/index.php?rest_route=%2Fwp%2Fv2%2Ftags&post=54336"}],"curies":[{"name":"wp","href":"https:\/\/api.w.org\/{rel}","templated":true}]}}