{"id":54543,"date":"2023-05-25T10:31:25","date_gmt":"2023-05-25T13:31:25","guid":{"rendered":"https:\/\/sectorprensa.com.ar\/?p=54543"},"modified":"2023-05-25T10:31:32","modified_gmt":"2023-05-25T13:31:32","slug":"violento-asalto-a-una-familia-en-un-country-de-general-rodriguez","status":"publish","type":"post","link":"https:\/\/sectorprensa.com.ar\/?p=54543","title":{"rendered":"Violento asalto a una familia en un country de General Rodr\u00edguez"},"content":{"rendered":"\n<h6 class=\"wp-block-heading\"><strong>Ocurri\u00f3 en La Cesarina. Los delincuentes se llevaron 4.000 d\u00f3lares y 35.000 pesos, una caja de seguridad y tambi\u00e9n una escopeta calibre 16 y una pistola calibre 9 mil\u00edmetros.<\/strong><\/h6>\n\n\n\n<p>Cinco delincuentes mantuvieron de reh\u00e9n a una familia en su casa en un country de General Rodr\u00edguez. Se llevaron&nbsp;armas, efectivo y una caja fuerte. Tras el hecho&nbsp;se dieron a la fuga&nbsp;y contin\u00faan siendo buscados de forma intensa por la polic\u00eda bonaerense.<\/p>\n\n\n\n<p>El hecho sucedi\u00f3 en la madrugada del martes cuando las v\u00edctimas, un abogado y su familia, se encontraban durmiendo en su vivienda ubicada en el&nbsp;barrio privado La Cesarina.&nbsp;<\/p>\n\n\n\n<p>All\u00ed fueron sorprendidos por cinco ladrones que con rostros tapados&nbsp;ingresaron de forma violenta, los encerraron y les robaron objetos de valor.<\/p>\n\n\n\n<p>Los investigadores indicaron que los sujetos&nbsp;violentaron la puerta trasera&nbsp;de la casa donde vive la familia y&nbsp;golpearon ferozmente al abogado de 42 a\u00f1os.<\/p>\n\n\n\n<p>Ante este panorama su mujer e hijos&nbsp;no opusieron resistencia&nbsp;y fueron puestos en un mismo cuarto.<\/p>\n\n\n\n<p>Despu\u00e9s de varios minutos se llevaron&nbsp;4.000 d\u00f3lares y 35.000 pesos,&nbsp;una caja de seguridad y tambi\u00e9n una escopeta calibre 16, una pistola calibre 9 mil\u00edmetros, dos tel\u00e9fonos celulares&nbsp;y otras pertenencias.<\/p>\n\n\n\n<p>La denuncia fue realizada por la misma v\u00edctima y&nbsp;efectivos de la&nbsp;Direcci\u00f3n Departamental de Investigaciones de General Rodr\u00edguez (DDI)&nbsp;llevaron a cabo las investigaciones pertinentes.&nbsp;<\/p>\n\n\n\n<p>All\u00ed se constat\u00f3 que&nbsp;a 15 metros de la casa estaba el cerco perimetral roto&nbsp;por lo que sospechan que los delincuentes ingresaron por ese lugar para acceder a la vivienda.&nbsp;<\/p>\n\n\n\n<p>El caso qued\u00f3 caratulado como&nbsp;\u201crobo en poblado y en banda\u201d&nbsp;e interviene la&nbsp;Unidad Funcional de Instrucci\u00f3n (UFI) 9&nbsp;del Departamento Judicial Moreno-Gral. Rodr\u00edguez.<\/p>\n\n\n\n<figure class=\"wp-block-embed is-type-wp-embed is-provider-sector-prensa wp-block-embed-sector-prensa\"><div class=\"wp-block-embed__wrapper\">\n<blockquote class=\"wp-embedded-content\" data-secret=\"IngMgXUaji\"><a href=\"https:\/\/sectorprensa.com.ar\/2023\/05\/24\/liberaron-al-policia-que-mato-a-motochorro-en-moreno\/\">Liberaron al polic\u00eda que mat\u00f3 a motochorro en Moreno<\/a><\/blockquote><iframe loading=\"lazy\" class=\"wp-embedded-content\" sandbox=\"allow-scripts\" security=\"restricted\" style=\"position: absolute; clip: rect(1px, 1px, 1px, 1px);\" title=\"\u00abLiberaron al polic\u00eda que mat\u00f3 a motochorro en Moreno\u00bb \u2014 Sector Prensa\" src=\"https:\/\/sectorprensa.com.ar\/2023\/05\/24\/liberaron-al-policia-que-mato-a-motochorro-en-moreno\/embed\/#?secret=lDdxNFktFO#?secret=IngMgXUaji\" data-secret=\"IngMgXUaji\" width=\"600\" height=\"338\" frameborder=\"0\" marginwidth=\"0\" marginheight=\"0\" scrolling=\"no\"><\/iframe>\n<\/div><\/figure>\n\r\n","protected":false},"excerpt":{"rendered":"<p>Ocurri\u00f3 en La Cesarina. Los delincuentes se llevaron 4.000 d\u00f3lares y 35.000 pesos, una caja de seguridad y tambi\u00e9n una<\/p>\n","protected":false},"author":6,"featured_media":54544,"comment_status":"closed","ping_status":"closed","sticky":false,"template":"","format":"standard","meta":{"colormag_page_container_layout":"default_layout","colormag_page_sidebar_layout":"default_layout","footnotes":""},"categories":[17,4396,12],"tags":[3712,165,74],"class_list":["post-54543","post","type-post","status-publish","format-standard","has-post-thumbnail","hentry","category-destacadas","category-gral-rodriguez","category-policiales","tag-country","tag-delincuentes","tag-robo"],"_links":{"self":[{"href":"https:\/\/sectorprensa.com.ar\/index.php?rest_route=\/wp\/v2\/posts\/54543","targetHints":{"allow":["GET"]}}],"collection":[{"href":"https:\/\/sectorprensa.com.ar\/index.php?rest_route=\/wp\/v2\/posts"}],"about":[{"href":"https:\/\/sectorprensa.com.ar\/index.php?rest_route=\/wp\/v2\/types\/post"}],"author":[{"embeddable":true,"href":"https:\/\/sectorprensa.com.ar\/index.php?rest_route=\/wp\/v2\/users\/6"}],"replies":[{"embeddable":true,"href":"https:\/\/sectorprensa.com.ar\/index.php?rest_route=%2Fwp%2Fv2%2Fcomments&post=54543"}],"version-history":[{"count":2,"href":"https:\/\/sectorprensa.com.ar\/index.php?rest_route=\/wp\/v2\/posts\/54543\/revisions"}],"predecessor-version":[{"id":54561,"href":"https:\/\/sectorprensa.com.ar\/index.php?rest_route=\/wp\/v2\/posts\/54543\/revisions\/54561"}],"wp:featuredmedia":[{"embeddable":true,"href":"https:\/\/sectorprensa.com.ar\/index.php?rest_route=\/wp\/v2\/media\/54544"}],"wp:attachment":[{"href":"https:\/\/sectorprensa.com.ar\/index.php?rest_route=%2Fwp%2Fv2%2Fmedia&parent=54543"}],"wp:term":[{"taxonomy":"category","embeddable":true,"href":"https:\/\/sectorprensa.com.ar\/index.php?rest_route=%2Fwp%2Fv2%2Fcategories&post=54543"},{"taxonomy":"post_tag","embeddable":true,"href":"https:\/\/sectorprensa.com.ar\/index.php?rest_route=%2Fwp%2Fv2%2Ftags&post=54543"}],"curies":[{"name":"wp","href":"https:\/\/api.w.org\/{rel}","templated":true}]}}