{"id":54607,"date":"2023-05-29T09:07:06","date_gmt":"2023-05-29T12:07:06","guid":{"rendered":"https:\/\/sectorprensa.com.ar\/?p=54607"},"modified":"2023-05-29T09:07:08","modified_gmt":"2023-05-29T12:07:08","slug":"ituzaingo-una-pareja-y-su-hija-murieron-tras-incendiarse-su-casa","status":"publish","type":"post","link":"https:\/\/sectorprensa.com.ar\/?p=54607","title":{"rendered":"Ituzaing\u00f3: una pareja y su hija murieron tras incendiarse su casa"},"content":{"rendered":"\n<h6 class=\"wp-block-heading\"><strong>Ocurri\u00f3 en una vivienda ubicada en la calle El Chaj\u00e1 711. La familia se encontraba durmiendo al momento del incendio.<\/strong><\/h6>\n\n\n\n<p>Una pareja y su hija de 12 a\u00f1os murieron como consecuencia de un voraz incendio que se desat\u00f3 en la vivienda que habitaba la familia en Ituzaing\u00f3.<\/p>\n\n\n\n<p>El hecho ocurri\u00f3 alrededor de las 5 del viernes en una casa ubicada en El Chaj\u00e1 711, en la localidad de Villa Udaondo, en donde, por causas que a\u00fan se desconocen, se desat\u00f3 un incendio que convoc\u00f3 a varias dotaciones de bomberos.<\/p>\n\n\n\n<figure class=\"wp-block-embed is-type-video is-provider-youtube wp-block-embed-youtube wp-embed-aspect-16-9 wp-has-aspect-ratio\"><div class=\"wp-block-embed__wrapper\">\n<iframe loading=\"lazy\" title=\"ITUZAING\u00d3 I Trag\u00e9dia: un matrimonio y su hija de 12 a\u00f1os muri\u00f3 tras un fer\u00f3z incendio\" width=\"800\" height=\"450\" src=\"https:\/\/www.youtube.com\/embed\/nSRfDf_CuV0?feature=oembed\" frameborder=\"0\" allow=\"accelerometer; autoplay; clipboard-write; encrypted-media; gyroscope; picture-in-picture; web-share\" allowfullscreen><\/iframe>\n<\/div><\/figure>\n\n\n\n<p>El incendio se desat\u00f3 mientras la familia dorm\u00eda y se propag\u00f3 r\u00e1pidamente por el hogar, provocando la muerte de Edgardo Logario de 46 a\u00f1os, su pareja Mar\u00eda Jos\u00e9 M\u00f3naco, de 45, y su hija, Rafaela de 12 a\u00f1os.<\/p>\n\n\n\n<p>En tanto, una adolescente de 15 a\u00f1os, hija mayor de la pareja, se encontraba en la casa de una amiga y tras la asistencia de profesionales permanece con familiares directos que viven en el barrio.<\/p>\n\n\n\n<p>Vecinos de la familia aseguraron que, como consecuencia del fuerte temporal registrado durante la noche del jueves en gran parte del \u00c1rea Metropolitana de Buenos Aires (AMBA), las inmediaciones del hogar incendiado se encontraban inundadas lo que dificult\u00f3 el acceso de los bomberos al lugar.<\/p>\n\n\n\n<figure class=\"wp-block-embed is-type-wp-embed is-provider-sector-prensa wp-block-embed-sector-prensa\"><div class=\"wp-block-embed__wrapper\">\n<blockquote class=\"wp-embedded-content\" data-secret=\"mD2iXyraGV\"><a href=\"https:\/\/sectorprensa.com.ar\/2023\/05\/22\/ituzaingo-cometio-una-entradera-un-vecino-vio-la-patente-del-auto-y-fue-detenido-por-la-policia\/\">Ituzaing\u00f3: cometi\u00f3 una entradera, un vecino vio la patente del auto y fue detenido por la polic\u00eda<\/a><\/blockquote><iframe loading=\"lazy\" class=\"wp-embedded-content\" sandbox=\"allow-scripts\" security=\"restricted\" style=\"position: absolute; clip: rect(1px, 1px, 1px, 1px);\" title=\"\u00abItuzaing\u00f3: cometi\u00f3 una entradera, un vecino vio la patente del auto y fue detenido por la polic\u00eda\u00bb \u2014 Sector Prensa\" src=\"https:\/\/sectorprensa.com.ar\/2023\/05\/22\/ituzaingo-cometio-una-entradera-un-vecino-vio-la-patente-del-auto-y-fue-detenido-por-la-policia\/embed\/#?secret=hc0iPxmoML#?secret=mD2iXyraGV\" data-secret=\"mD2iXyraGV\" width=\"600\" height=\"338\" frameborder=\"0\" marginwidth=\"0\" marginheight=\"0\" scrolling=\"no\"><\/iframe>\n<\/div><\/figure>\n\r\n","protected":false},"excerpt":{"rendered":"<p>Ocurri\u00f3 en una vivienda ubicada en la calle El Chaj\u00e1 711. La familia se encontraba durmiendo al momento del incendio.<\/p>\n","protected":false},"author":6,"featured_media":54608,"comment_status":"closed","ping_status":"closed","sticky":false,"template":"","format":"video","meta":{"colormag_page_container_layout":"default_layout","colormag_page_sidebar_layout":"default_layout","footnotes":""},"categories":[17,4,12],"tags":[589,1969,1075,402],"class_list":["post-54607","post","type-post","status-publish","format-video","has-post-thumbnail","hentry","category-destacadas","category-ituzaingo","category-policiales","tag-incendio","tag-muertes","tag-tragedia","tag-villa-udaondo","post_format-post-format-video"],"_links":{"self":[{"href":"https:\/\/sectorprensa.com.ar\/index.php?rest_route=\/wp\/v2\/posts\/54607","targetHints":{"allow":["GET"]}}],"collection":[{"href":"https:\/\/sectorprensa.com.ar\/index.php?rest_route=\/wp\/v2\/posts"}],"about":[{"href":"https:\/\/sectorprensa.com.ar\/index.php?rest_route=\/wp\/v2\/types\/post"}],"author":[{"embeddable":true,"href":"https:\/\/sectorprensa.com.ar\/index.php?rest_route=\/wp\/v2\/users\/6"}],"replies":[{"embeddable":true,"href":"https:\/\/sectorprensa.com.ar\/index.php?rest_route=%2Fwp%2Fv2%2Fcomments&post=54607"}],"version-history":[{"count":1,"href":"https:\/\/sectorprensa.com.ar\/index.php?rest_route=\/wp\/v2\/posts\/54607\/revisions"}],"predecessor-version":[{"id":54609,"href":"https:\/\/sectorprensa.com.ar\/index.php?rest_route=\/wp\/v2\/posts\/54607\/revisions\/54609"}],"wp:featuredmedia":[{"embeddable":true,"href":"https:\/\/sectorprensa.com.ar\/index.php?rest_route=\/wp\/v2\/media\/54608"}],"wp:attachment":[{"href":"https:\/\/sectorprensa.com.ar\/index.php?rest_route=%2Fwp%2Fv2%2Fmedia&parent=54607"}],"wp:term":[{"taxonomy":"category","embeddable":true,"href":"https:\/\/sectorprensa.com.ar\/index.php?rest_route=%2Fwp%2Fv2%2Fcategories&post=54607"},{"taxonomy":"post_tag","embeddable":true,"href":"https:\/\/sectorprensa.com.ar\/index.php?rest_route=%2Fwp%2Fv2%2Ftags&post=54607"}],"curies":[{"name":"wp","href":"https:\/\/api.w.org\/{rel}","templated":true}]}}