{"id":54610,"date":"2023-05-29T09:07:28","date_gmt":"2023-05-29T12:07:28","guid":{"rendered":"https:\/\/sectorprensa.com.ar\/?p=54610"},"modified":"2023-05-29T09:07:29","modified_gmt":"2023-05-29T12:07:29","slug":"moreno-comenzo-la-obra-de-pavimentacion-en-la-avenida-beato-balaguer","status":"publish","type":"post","link":"https:\/\/sectorprensa.com.ar\/?p=54610","title":{"rendered":"Moreno: comenz\u00f3 la obra de pavimentaci\u00f3n en la avenida Beato Balaguer"},"content":{"rendered":"\n<h6 class=\"wp-block-heading\"><strong>Unir\u00e1 las localidades de La Reja, Moreno Sur y Francisco \u00c1lvarez.<\/strong><\/h6>\n\n\n\n<p>El Municipio de Moreno, a trav\u00e9s de la Secretar\u00eda de Obras y Servicios P\u00fablicos, junto al Ministerio de Obras y Servicios de la Naci\u00f3n, puso en marcha la obra de pavimentaci\u00f3n en la Avenida Beato Balaguer y de la Avenida Ram\u00f3n Falcon. Esta importante obra, unir\u00e1 las localidades de La Reja, Moreno Sur y Francisco \u00c1lvarez.<\/p>\n\n\n\n<figure class=\"wp-block-embed is-type-rich is-provider-twitter wp-block-embed-twitter\"><div class=\"wp-block-embed__wrapper\">\n<blockquote class=\"twitter-tweet\" data-width=\"550\" data-dnt=\"true\"><p lang=\"es\" dir=\"ltr\">\ud83d\udc77\ud83c\udffc\u200d\u2642\ufe0f \u00a1COMENZ\u00d3 LA OBRA DE LA AV. RAM\u00d3N FALC\u00d3N!<br><br>\u2705 Esta obra mejorar\u00e1 el tr\u00e1nsito vehicular y la calidad de vida de las y los vecinos morenenses, conectando Francisco \u00c1lvarez, La Reja y Moreno Sur.<a href=\"https:\/\/twitter.com\/hashtag\/NuncaSeHizoTanto?src=hash&amp;ref_src=twsrc%5Etfw\">#NuncaSeHizoTanto<\/a> \ud83d\udc99 <a href=\"https:\/\/t.co\/laX3cxVIkM\">pic.twitter.com\/laX3cxVIkM<\/a><\/p>&mdash; Mariel Fern\u00e1ndez (@marielfmoreno1) <a href=\"https:\/\/twitter.com\/marielfmoreno1\/status\/1662499816444764166?ref_src=twsrc%5Etfw\">May 27, 2023<\/a><\/blockquote><script async src=\"https:\/\/platform.twitter.com\/widgets.js\" charset=\"utf-8\"><\/script>\n<\/div><\/figure>\n\n\n\n<p>Contempla una longitud de 3.090 metros de hormig\u00f3n, instalaci\u00f3n de luminarias led de doble brazo, construcci\u00f3n de veredas y desag\u00fces pluviales. Adem\u00e1s, se realizar\u00e1n rampas, vados, cordones y canteros.<\/p>\n\n\n\n<p>Las tareas se realizan en Beato Balaguer entre Benito Ju\u00e1rez y Carlos De Linneo de la localidad de La Reja y en la Avenida Ram\u00f3n Falc\u00f3n desde Carlos De Linneo hasta Dar\u00edo la Naci\u00f3n de la localidad de Francisco \u00c1lvarez.<\/p>\n\n\n\n<p>De esta manera, el gobierno municipal junto al gobierno nacional brinda soluciones a reclamos hist\u00f3ricos de la comunidad morenense, facilitando la circulaci\u00f3n vehicular y peatonal y mejorando la calidad de vida de las y los vecinos.<\/p>\n\n\n\n<figure class=\"wp-block-embed is-type-wp-embed is-provider-sector-prensa wp-block-embed-sector-prensa\"><div class=\"wp-block-embed__wrapper\">\n<blockquote class=\"wp-embedded-content\" data-secret=\"pzVzMTbhcP\"><a href=\"https:\/\/sectorprensa.com.ar\/2023\/05\/25\/moreno-mariel-fernandez-dio-inicio-a-la-expo-industria-2023-junto-a-daniel-scioli\/\">Moreno: Mariel Fern\u00e1ndez dio inicio a la Expo Industria 2023 junto a Daniel Scioli<\/a><\/blockquote><iframe loading=\"lazy\" class=\"wp-embedded-content\" sandbox=\"allow-scripts\" security=\"restricted\" style=\"position: absolute; clip: rect(1px, 1px, 1px, 1px);\" title=\"\u00abMoreno: Mariel Fern\u00e1ndez dio inicio a la Expo Industria 2023 junto a Daniel Scioli\u00bb \u2014 Sector Prensa\" src=\"https:\/\/sectorprensa.com.ar\/2023\/05\/25\/moreno-mariel-fernandez-dio-inicio-a-la-expo-industria-2023-junto-a-daniel-scioli\/embed\/#?secret=I7F4uswJoU#?secret=pzVzMTbhcP\" data-secret=\"pzVzMTbhcP\" width=\"600\" height=\"338\" frameborder=\"0\" marginwidth=\"0\" marginheight=\"0\" scrolling=\"no\"><\/iframe>\n<\/div><\/figure>\n\r\n","protected":false},"excerpt":{"rendered":"<p>Unir\u00e1 las localidades de La Reja, Moreno Sur y Francisco \u00c1lvarez. El Municipio de Moreno, a trav\u00e9s de la Secretar\u00eda<\/p>\n","protected":false},"author":6,"featured_media":54612,"comment_status":"closed","ping_status":"closed","sticky":false,"template":"","format":"video","meta":{"colormag_page_container_layout":"default_layout","colormag_page_sidebar_layout":"default_layout","footnotes":""},"categories":[17,2154,1173,10],"tags":[2498,2766,5929,733],"class_list":["post-54610","post","type-post","status-publish","format-video","has-post-thumbnail","hentry","category-destacadas","category-moreno","category-municipales","category-sociedad","tag-francisco-alvarez","tag-la-reja","tag-moreno-sur","tag-pavimentacion","post_format-post-format-video"],"_links":{"self":[{"href":"https:\/\/sectorprensa.com.ar\/index.php?rest_route=\/wp\/v2\/posts\/54610","targetHints":{"allow":["GET"]}}],"collection":[{"href":"https:\/\/sectorprensa.com.ar\/index.php?rest_route=\/wp\/v2\/posts"}],"about":[{"href":"https:\/\/sectorprensa.com.ar\/index.php?rest_route=\/wp\/v2\/types\/post"}],"author":[{"embeddable":true,"href":"https:\/\/sectorprensa.com.ar\/index.php?rest_route=\/wp\/v2\/users\/6"}],"replies":[{"embeddable":true,"href":"https:\/\/sectorprensa.com.ar\/index.php?rest_route=%2Fwp%2Fv2%2Fcomments&post=54610"}],"version-history":[{"count":1,"href":"https:\/\/sectorprensa.com.ar\/index.php?rest_route=\/wp\/v2\/posts\/54610\/revisions"}],"predecessor-version":[{"id":54613,"href":"https:\/\/sectorprensa.com.ar\/index.php?rest_route=\/wp\/v2\/posts\/54610\/revisions\/54613"}],"wp:featuredmedia":[{"embeddable":true,"href":"https:\/\/sectorprensa.com.ar\/index.php?rest_route=\/wp\/v2\/media\/54612"}],"wp:attachment":[{"href":"https:\/\/sectorprensa.com.ar\/index.php?rest_route=%2Fwp%2Fv2%2Fmedia&parent=54610"}],"wp:term":[{"taxonomy":"category","embeddable":true,"href":"https:\/\/sectorprensa.com.ar\/index.php?rest_route=%2Fwp%2Fv2%2Fcategories&post=54610"},{"taxonomy":"post_tag","embeddable":true,"href":"https:\/\/sectorprensa.com.ar\/index.php?rest_route=%2Fwp%2Fv2%2Ftags&post=54610"}],"curies":[{"name":"wp","href":"https:\/\/api.w.org\/{rel}","templated":true}]}}