{"id":54744,"date":"2023-06-01T10:41:03","date_gmt":"2023-06-01T13:41:03","guid":{"rendered":"https:\/\/sectorprensa.com.ar\/?p=54744"},"modified":"2023-06-01T10:41:03","modified_gmt":"2023-06-01T13:41:03","slug":"merlo-comenzo-la-disciplina-de-cultura-en-los-juegos-bonaerenses","status":"publish","type":"post","link":"https:\/\/sectorprensa.com.ar\/?p=54744","title":{"rendered":"Merlo: comenz\u00f3 la disciplina de cultura en los Juegos Bonaerenses"},"content":{"rendered":"\n<h6 class=\"wp-block-heading\"><strong>La etapa distrital dio inicio y cont\u00f3 con la participaci\u00f3n de m\u00e1s de cien merlenses en las categor\u00edas solista vocal y freestyle rap.<\/strong><\/h6>\n\n\n\n<p>El comienzo de la competencia tuvo como sede el Teatro Municipal de Merlo. En la primera jornada cont\u00f3 con las categor\u00edas Sub-15, Sub-18, universitarios y adultos mayores de la disciplina cultural.<\/p>\n\n\n\n<p>Respecto a eso, el Subsecretario de Cultura, Federico Picasso, expres\u00f3 \u201cNos quedan 6 jornadas intensas de trabajo porque se triplic\u00f3 la convocatoria, gracias a la difusi\u00f3n que tuvimos este a\u00f1o\u201d. En tanto aclar\u00f3 que llegaron \u201ca todas las escuelas, centros de jubilados y los diferentes espacios por eso se alcanz\u00f3 un 150% m\u00e1s de inscripci\u00f3n que el a\u00f1o pasado\u201d.<\/p>\n\n\n\n<p>Cabe destacar, los ganadores de cada una de las disciplinas de la etapa distrital se clasificar\u00e1 a la regional y deber\u00e1 competir contra los vencedores de otros municipios. La final se llevar\u00e1 a cabo en Mar del Plata.<\/p>\n\n\n\n<figure class=\"wp-block-embed is-type-wp-embed is-provider-sector-prensa wp-block-embed-sector-prensa\"><div class=\"wp-block-embed__wrapper\">\n<blockquote class=\"wp-embedded-content\" data-secret=\"ojU8RCoiQI\"><a href=\"https:\/\/sectorprensa.com.ar\/2023\/05\/31\/merlo-se-celebro-el-30-aniversario-del-instituto-privado-de-merlo\/\">Merlo: se celebr\u00f3 el 30\u00b0 aniversario del Instituto Privado de Merlo<\/a><\/blockquote><iframe loading=\"lazy\" class=\"wp-embedded-content\" sandbox=\"allow-scripts\" security=\"restricted\" style=\"position: absolute; clip: rect(1px, 1px, 1px, 1px);\" title=\"\u00abMerlo: se celebr\u00f3 el 30\u00b0 aniversario del Instituto Privado de Merlo\u00bb \u2014 Sector Prensa\" src=\"https:\/\/sectorprensa.com.ar\/2023\/05\/31\/merlo-se-celebro-el-30-aniversario-del-instituto-privado-de-merlo\/embed\/#?secret=YN16ajTZv0#?secret=ojU8RCoiQI\" data-secret=\"ojU8RCoiQI\" width=\"600\" height=\"338\" frameborder=\"0\" marginwidth=\"0\" marginheight=\"0\" scrolling=\"no\"><\/iframe>\n<\/div><\/figure>\n\r\n","protected":false},"excerpt":{"rendered":"<p>La etapa distrital dio inicio y cont\u00f3 con la participaci\u00f3n de m\u00e1s de cien merlenses en las categor\u00edas solista vocal<\/p>\n","protected":false},"author":5,"featured_media":54745,"comment_status":"closed","ping_status":"closed","sticky":false,"template":"","format":"standard","meta":{"colormag_page_container_layout":"default_layout","colormag_page_sidebar_layout":"default_layout","footnotes":""},"categories":[9,17,7,1173],"tags":[2793,25],"class_list":["post-54744","post","type-post","status-publish","format-standard","has-post-thumbnail","hentry","category-cultura","category-destacadas","category-merlo","category-municipales","tag-juegos-bonaerenses","tag-merlo"],"_links":{"self":[{"href":"https:\/\/sectorprensa.com.ar\/index.php?rest_route=\/wp\/v2\/posts\/54744","targetHints":{"allow":["GET"]}}],"collection":[{"href":"https:\/\/sectorprensa.com.ar\/index.php?rest_route=\/wp\/v2\/posts"}],"about":[{"href":"https:\/\/sectorprensa.com.ar\/index.php?rest_route=\/wp\/v2\/types\/post"}],"author":[{"embeddable":true,"href":"https:\/\/sectorprensa.com.ar\/index.php?rest_route=\/wp\/v2\/users\/5"}],"replies":[{"embeddable":true,"href":"https:\/\/sectorprensa.com.ar\/index.php?rest_route=%2Fwp%2Fv2%2Fcomments&post=54744"}],"version-history":[{"count":1,"href":"https:\/\/sectorprensa.com.ar\/index.php?rest_route=\/wp\/v2\/posts\/54744\/revisions"}],"predecessor-version":[{"id":54746,"href":"https:\/\/sectorprensa.com.ar\/index.php?rest_route=\/wp\/v2\/posts\/54744\/revisions\/54746"}],"wp:featuredmedia":[{"embeddable":true,"href":"https:\/\/sectorprensa.com.ar\/index.php?rest_route=\/wp\/v2\/media\/54745"}],"wp:attachment":[{"href":"https:\/\/sectorprensa.com.ar\/index.php?rest_route=%2Fwp%2Fv2%2Fmedia&parent=54744"}],"wp:term":[{"taxonomy":"category","embeddable":true,"href":"https:\/\/sectorprensa.com.ar\/index.php?rest_route=%2Fwp%2Fv2%2Fcategories&post=54744"},{"taxonomy":"post_tag","embeddable":true,"href":"https:\/\/sectorprensa.com.ar\/index.php?rest_route=%2Fwp%2Fv2%2Ftags&post=54744"}],"curies":[{"name":"wp","href":"https:\/\/api.w.org\/{rel}","templated":true}]}}