{"id":54902,"date":"2023-06-06T16:15:43","date_gmt":"2023-06-06T19:15:43","guid":{"rendered":"https:\/\/sectorprensa.com.ar\/?p=54902"},"modified":"2023-06-06T16:19:20","modified_gmt":"2023-06-06T19:19:20","slug":"detuvieron-a-l-gante-en-moreno","status":"publish","type":"post","link":"https:\/\/sectorprensa.com.ar\/?p=54902","title":{"rendered":"Detuvieron a L-Gante en Moreno"},"content":{"rendered":"\n<h6 class=\"wp-block-heading\"><strong>El cantante est\u00e1 imputado por privaci\u00f3n ileg\u00edtima de la libertad, amenazas simples y tenencia de arma de fuego por un hecho ocurrido en mayo de este a\u00f1o. <\/strong><\/h6>\n\n\n\n<p>En el country Banco Provincia, durante un allanamiento, el reconocido m\u00fasico L-Gante fue detenido este martes por el delito de \u201cprivaci\u00f3n ileg\u00edtima de la libertad\u201d. Esto se origin\u00f3 a ra\u00edz de un incidente ocurrido en mayo de este a\u00f1o, cuando el cantante de la Cumbia 420 tuvo un altercado con un grupo de j\u00f3venes con los que aparentemente manten\u00eda alg\u00fan conflicto.<\/p>\n\n\n\n<p>Seg\u00fan la denuncia, L-Gante habr\u00eda amenazado a los j\u00f3venes con un arma de fuego y los habr\u00eda retenido contra su voluntad. A ra\u00edz de estos hechos, el m\u00fasico enfrenta acusaciones por \u201cprivaci\u00f3n ileg\u00edtima de la libertad agravada por uso de armas de fuego y amenazas simples\u201d.<\/p>\n\n\n\n<figure class=\"wp-block-embed is-type-video is-provider-youtube wp-block-embed-youtube wp-embed-aspect-16-9 wp-has-aspect-ratio\"><div class=\"wp-block-embed__wrapper\">\n<iframe loading=\"lazy\" title=\"Ahora: detuvieron a L-Gante y quedar\u00eda detenido\" width=\"800\" height=\"450\" src=\"https:\/\/www.youtube.com\/embed\/CjSZFzbvldA?feature=oembed\" frameborder=\"0\" allow=\"accelerometer; autoplay; clipboard-write; encrypted-media; gyroscope; picture-in-picture; web-share\" allowfullscreen><\/iframe>\n<\/div><\/figure>\n\n\n\n<p>La polic\u00eda bonaerense recibi\u00f3 \u00f3rdenes de realizar cuatro allanamientos en relaci\u00f3n al caso. Estos allanamientos tuvieron lugar en diferentes localidades, incluyendo Carlos Keen, el Barrio Bicentenario de General Rodr\u00edguez y Francisco \u00c1lvarez, en el country Banco Provincia. La UFI 9 de Moreno, de General Rodr\u00edguez, est\u00e1 a cargo de la investigaci\u00f3n.<\/p>\n\n\n\n<p>Es importante destacar que L-Gante ha enfrentado diversos problemas legales en los \u00faltimos tiempos, entre los cuales se incluye un incidente en el que supuestamente golpe\u00f3 con un arma a un seguidor que le solicit\u00f3 una foto.<\/p>\n\n\n\n<figure class=\"wp-block-embed is-type-wp-embed is-provider-sector-prensa wp-block-embed-sector-prensa\"><div class=\"wp-block-embed__wrapper\">\n<blockquote class=\"wp-embedded-content\" data-secret=\"6YyhMOmFPW\"><a href=\"https:\/\/sectorprensa.com.ar\/2022\/10\/04\/vecinos-de-l-gante-quieren-echarlo-del-country-donde-vive\/\">Vecinos de L-Gante quieren echarlo del country donde vive<\/a><\/blockquote><iframe loading=\"lazy\" class=\"wp-embedded-content\" sandbox=\"allow-scripts\" security=\"restricted\" style=\"position: absolute; clip: rect(1px, 1px, 1px, 1px);\" title=\"\u00abVecinos de L-Gante quieren echarlo del country donde vive\u00bb \u2014 Sector Prensa\" src=\"https:\/\/sectorprensa.com.ar\/2022\/10\/04\/vecinos-de-l-gante-quieren-echarlo-del-country-donde-vive\/embed\/#?secret=yKKhWECQ5n#?secret=6YyhMOmFPW\" data-secret=\"6YyhMOmFPW\" width=\"600\" height=\"338\" frameborder=\"0\" marginwidth=\"0\" marginheight=\"0\" scrolling=\"no\"><\/iframe>\n<\/div><\/figure>\n\r\n","protected":false},"excerpt":{"rendered":"<p>El cantante est\u00e1 imputado por privaci\u00f3n ileg\u00edtima de la libertad, amenazas simples y tenencia de arma de fuego por un<\/p>\n","protected":false},"author":6,"featured_media":42048,"comment_status":"closed","ping_status":"closed","sticky":false,"template":"","format":"video","meta":{"colormag_page_container_layout":"default_layout","colormag_page_sidebar_layout":"default_layout","footnotes":""},"categories":[17,4396,2154,12],"tags":[570,5261],"class_list":["post-54902","post","type-post","status-publish","format-video","has-post-thumbnail","hentry","category-destacadas","category-gral-rodriguez","category-moreno","category-policiales","tag-detenido","tag-l-gante","post_format-post-format-video"],"_links":{"self":[{"href":"https:\/\/sectorprensa.com.ar\/index.php?rest_route=\/wp\/v2\/posts\/54902","targetHints":{"allow":["GET"]}}],"collection":[{"href":"https:\/\/sectorprensa.com.ar\/index.php?rest_route=\/wp\/v2\/posts"}],"about":[{"href":"https:\/\/sectorprensa.com.ar\/index.php?rest_route=\/wp\/v2\/types\/post"}],"author":[{"embeddable":true,"href":"https:\/\/sectorprensa.com.ar\/index.php?rest_route=\/wp\/v2\/users\/6"}],"replies":[{"embeddable":true,"href":"https:\/\/sectorprensa.com.ar\/index.php?rest_route=%2Fwp%2Fv2%2Fcomments&post=54902"}],"version-history":[{"count":3,"href":"https:\/\/sectorprensa.com.ar\/index.php?rest_route=\/wp\/v2\/posts\/54902\/revisions"}],"predecessor-version":[{"id":54909,"href":"https:\/\/sectorprensa.com.ar\/index.php?rest_route=\/wp\/v2\/posts\/54902\/revisions\/54909"}],"wp:featuredmedia":[{"embeddable":true,"href":"https:\/\/sectorprensa.com.ar\/index.php?rest_route=\/wp\/v2\/media\/42048"}],"wp:attachment":[{"href":"https:\/\/sectorprensa.com.ar\/index.php?rest_route=%2Fwp%2Fv2%2Fmedia&parent=54902"}],"wp:term":[{"taxonomy":"category","embeddable":true,"href":"https:\/\/sectorprensa.com.ar\/index.php?rest_route=%2Fwp%2Fv2%2Fcategories&post=54902"},{"taxonomy":"post_tag","embeddable":true,"href":"https:\/\/sectorprensa.com.ar\/index.php?rest_route=%2Fwp%2Fv2%2Ftags&post=54902"}],"curies":[{"name":"wp","href":"https:\/\/api.w.org\/{rel}","templated":true}]}}