{"id":54904,"date":"2023-06-06T16:19:26","date_gmt":"2023-06-06T19:19:26","guid":{"rendered":"https:\/\/sectorprensa.com.ar\/?p=54904"},"modified":"2023-06-06T16:19:27","modified_gmt":"2023-06-06T19:19:27","slug":"merlo-los-vecinos-disfrutaron-de-la-gira-magica-y-misteriosa","status":"publish","type":"post","link":"https:\/\/sectorprensa.com.ar\/?p=54904","title":{"rendered":"Merlo: los vecinos disfrutaron de \u00abLa Gira M\u00e1gica y Misteriosa\u00bb"},"content":{"rendered":"\n<h6 class=\"wp-block-heading\"><strong>El evento se llev\u00f3 a cabo en el Club Social y Deportivo Mariano Acosta, organizado por la Secretar\u00eda de Cultura de Merlo.<\/strong><\/h6>\n\n\n\n<p>Los merlenses pudieron acercarse a disfrutar de \u00abLa Gira M\u00e1gica y Misteriosa\u00bb de manera libre y gratuita. El evento cont\u00f3 con shows art\u00edsticos, malabaristas, payasos, m\u00fasica y espect\u00e1culos de magia.<\/p>\n\n\n\n<p>Miguel Marchese, Presidente del Club Social y Deportivo Mariano Acosta, se refiri\u00f3 al evento y sostuvo: \u00abFue una idea propuesta por la Secretar\u00eda de Cultura. Por suerte vinieron muchos chicos. Eso nos pone muy contentos, porque todo el trabajo del club est\u00e1 basado en los chicos\u201d.<\/p>\n\n\n\n<p>\u201cNos gust\u00f3 la idea porque nuestras instalaciones est\u00e1n para eso: para brind\u00e1rselas a los chicos y a la comunidad; estamos muy felices de ver c\u00f3mo se divierten\u201d, agreg\u00f3.<\/p>\n\n\n\n<figure class=\"wp-block-embed is-type-wp-embed is-provider-sector-prensa wp-block-embed-sector-prensa\"><div class=\"wp-block-embed__wrapper\">\n<blockquote class=\"wp-embedded-content\" data-secret=\"qxHlztBd7O\"><a href=\"https:\/\/sectorprensa.com.ar\/2023\/06\/05\/merlo-primer-fin-de-semana-del-paseo-del-encuentro-cultural\/\">Merlo: primer fin de semana del \u00abPaseo del Encuentro Cultural\u00bb<\/a><\/blockquote><iframe loading=\"lazy\" class=\"wp-embedded-content\" sandbox=\"allow-scripts\" security=\"restricted\" style=\"position: absolute; clip: rect(1px, 1px, 1px, 1px);\" title=\"\u00abMerlo: primer fin de semana del \u00abPaseo del Encuentro Cultural\u00bb\u00bb \u2014 Sector Prensa\" src=\"https:\/\/sectorprensa.com.ar\/2023\/06\/05\/merlo-primer-fin-de-semana-del-paseo-del-encuentro-cultural\/embed\/#?secret=x9nuelyXpY#?secret=qxHlztBd7O\" data-secret=\"qxHlztBd7O\" width=\"600\" height=\"338\" frameborder=\"0\" marginwidth=\"0\" marginheight=\"0\" scrolling=\"no\"><\/iframe>\n<\/div><\/figure>\n\r\n","protected":false},"excerpt":{"rendered":"<p>El evento se llev\u00f3 a cabo en el Club Social y Deportivo Mariano Acosta, organizado por la Secretar\u00eda de Cultura<\/p>\n","protected":false},"author":5,"featured_media":54905,"comment_status":"closed","ping_status":"closed","sticky":false,"template":"","format":"standard","meta":{"colormag_page_container_layout":"default_layout","colormag_page_sidebar_layout":"default_layout","footnotes":""},"categories":[17,7,1173],"tags":[7798,25],"class_list":["post-54904","post","type-post","status-publish","format-standard","has-post-thumbnail","hentry","category-destacadas","category-merlo","category-municipales","tag-la-gira-magica-y-misteriosa","tag-merlo"],"_links":{"self":[{"href":"https:\/\/sectorprensa.com.ar\/index.php?rest_route=\/wp\/v2\/posts\/54904","targetHints":{"allow":["GET"]}}],"collection":[{"href":"https:\/\/sectorprensa.com.ar\/index.php?rest_route=\/wp\/v2\/posts"}],"about":[{"href":"https:\/\/sectorprensa.com.ar\/index.php?rest_route=\/wp\/v2\/types\/post"}],"author":[{"embeddable":true,"href":"https:\/\/sectorprensa.com.ar\/index.php?rest_route=\/wp\/v2\/users\/5"}],"replies":[{"embeddable":true,"href":"https:\/\/sectorprensa.com.ar\/index.php?rest_route=%2Fwp%2Fv2%2Fcomments&post=54904"}],"version-history":[{"count":1,"href":"https:\/\/sectorprensa.com.ar\/index.php?rest_route=\/wp\/v2\/posts\/54904\/revisions"}],"predecessor-version":[{"id":54910,"href":"https:\/\/sectorprensa.com.ar\/index.php?rest_route=\/wp\/v2\/posts\/54904\/revisions\/54910"}],"wp:featuredmedia":[{"embeddable":true,"href":"https:\/\/sectorprensa.com.ar\/index.php?rest_route=\/wp\/v2\/media\/54905"}],"wp:attachment":[{"href":"https:\/\/sectorprensa.com.ar\/index.php?rest_route=%2Fwp%2Fv2%2Fmedia&parent=54904"}],"wp:term":[{"taxonomy":"category","embeddable":true,"href":"https:\/\/sectorprensa.com.ar\/index.php?rest_route=%2Fwp%2Fv2%2Fcategories&post=54904"},{"taxonomy":"post_tag","embeddable":true,"href":"https:\/\/sectorprensa.com.ar\/index.php?rest_route=%2Fwp%2Fv2%2Ftags&post=54904"}],"curies":[{"name":"wp","href":"https:\/\/api.w.org\/{rel}","templated":true}]}}