{"id":54960,"date":"2023-06-09T11:01:30","date_gmt":"2023-06-09T14:01:30","guid":{"rendered":"https:\/\/sectorprensa.com.ar\/?p=54960"},"modified":"2023-06-09T11:01:38","modified_gmt":"2023-06-09T14:01:38","slug":"katopodis-en-hurlingham-es-infraestructura-del-cuidado-que-estamos-haciendo-en-toda-la-argentina","status":"publish","type":"post","link":"https:\/\/sectorprensa.com.ar\/?p=54960","title":{"rendered":"Katopodis en Hurlingham: \u201cEs infraestructura del Cuidado que estamos haciendo en toda la Argentina\u201d"},"content":{"rendered":"\n<h6 class=\"wp-block-heading\"><strong>El ministro de Obras P\u00fablicas inaugur\u00f3 un Centro de Desarrollo Infantil en el distrito, que ofrecer\u00e1 tres turnos en colaboraci\u00f3n con la UNAHUR.<\/strong><\/h6>\n\n\n\n<p>El intendente de Hurlingham, Juan Zabaleta, junto al ministro de Obras P\u00fablicas, Gabriel Katopodis, llevaron a cabo la inauguraci\u00f3n del Jard\u00edn Maternal y de Infantes N\u00b08 \u201cMis Primeros Pasos\u201d. Esta nueva instituci\u00f3n es la primera en ofrecer tres turnos (ma\u00f1ana, tarde y noche) en colaboraci\u00f3n con la Universidad Nacional de Hurlingham (UNAHUR).<\/p>\n\n\n\n<p>En ese sentido, Katopodis se\u00f1al\u00f3: \u201cInauguramos este nuevo Centro de Desarrollo Infantil en Villa Tesei, que brindar\u00e1 una atenci\u00f3n integral a las infancias\u201d.<\/p>\n\n\n\n<p>Y agreg\u00f3: \u201cEs Infraestructura del Cuidado que estamos haciendo en toda la Argentina, para que tambi\u00e9n las madres puedan dejar a sus chicos y usar ese tiempo en su desarrollo personal\u201d.<\/p>\n\n\n\n<figure class=\"wp-block-embed is-type-rich is-provider-twitter wp-block-embed-twitter\"><div class=\"wp-block-embed__wrapper\">\n<blockquote class=\"twitter-tweet\" data-width=\"550\" data-dnt=\"true\"><p lang=\"es\" dir=\"ltr\">En <a href=\"https:\/\/twitter.com\/hashtag\/Hurlingham?src=hash&amp;ref_src=twsrc%5Etfw\">#Hurlingham<\/a>, inauguramos con <a href=\"https:\/\/twitter.com\/JuanZabaletaOK?ref_src=twsrc%5Etfw\">@JuanZabaletaOK<\/a> un Centro de Desarrollo Infantil en Villa Tesei, que brindar\u00e1 una atenci\u00f3n integral a las infancias.<br><br>Infraestructura del Cuidado que estamos haciendo en toda la Argentina, para que tambi\u00e9n las madres puedan dejar a sus chicos y\u2026 <a href=\"https:\/\/t.co\/QYKJQu7SLB\">pic.twitter.com\/QYKJQu7SLB<\/a><\/p>&mdash; Gabriel Katopodis (@gkatopodis) <a href=\"https:\/\/twitter.com\/gkatopodis\/status\/1666789404847816705?ref_src=twsrc%5Etfw\">June 8, 2023<\/a><\/blockquote><script async src=\"https:\/\/platform.twitter.com\/widgets.js\" charset=\"utf-8\"><\/script>\n<\/div><\/figure>\n\n\n\n<p>\u201cJunto a la Universidad, que se encuentra a diez cuadras de este lugar, inauguramos este nuevo Jard\u00edn Maternal con amplitud horaria al que van a poder concurrir las hijas y los hijos de los estudiantes universitarios para que ellos tambi\u00e9n puedan acceder a una educaci\u00f3n p\u00fablica, gratuita y de calidad\u201d, apunt\u00f3 Zabaleta y destac\u00f3 el compromiso del Municipio en brindar espacios de calidad para el desarrollo y cuidado de la infancia.<\/p>\n\n\n\n<p>La iniciativa permitir\u00e1 a los alumnos de la Universidad, que tambi\u00e9n son madres y padres, dejar a sus hijos en el jard\u00edn en el horario que les resulte m\u00e1s conveniente, adem\u00e1s de atender la necesidad del barrio donde se encuentra.<\/p>\n\n\n\n<figure class=\"wp-block-embed is-type-rich is-provider-twitter wp-block-embed-twitter\"><div class=\"wp-block-embed__wrapper\">\n<blockquote class=\"twitter-tweet\" data-width=\"550\" data-dnt=\"true\"><p lang=\"es\" dir=\"ltr\">Este jard\u00edn es el primero en ofrecer tres turnos en colaboraci\u00f3n con la <a href=\"https:\/\/twitter.com\/unahurlingham?ref_src=twsrc%5Etfw\">@unahurlingham<\/a>. Esta iniciativa permitir\u00e1 a los alumnos de la Universidad, que tambi\u00e9n son madres y padres, dejar a sus hijos en el jard\u00edn en el horario que les resulte m\u00e1s conveniente.<a href=\"https:\/\/twitter.com\/hashtag\/HurlinghamEnMarcha?src=hash&amp;ref_src=twsrc%5Etfw\">#HurlinghamEnMarcha<\/a> \u27a1\ufe0f <a href=\"https:\/\/t.co\/8Hl8Bo5dFf\">pic.twitter.com\/8Hl8Bo5dFf<\/a><\/p>&mdash; Juan Zabaleta (@JuanZabaletaOK) <a href=\"https:\/\/twitter.com\/JuanZabaletaOK\/status\/1666591314165596160?ref_src=twsrc%5Etfw\">June 7, 2023<\/a><\/blockquote><script async src=\"https:\/\/platform.twitter.com\/widgets.js\" charset=\"utf-8\"><\/script>\n<\/div><\/figure>\n\n\n\n<p>El nuevo Jard\u00edn representa un espacio de cuidado y acompa\u00f1amiento para las ni\u00f1as y ni\u00f1os a partir de los 45 d\u00edas de edad, brindando una atenci\u00f3n integral durante la primera infancia con personal docente y de auxiliares capacitados para tal fin.<\/p>\n\n\n\n<p>La instituci\u00f3n cuenta con salas maternales, espacios l\u00fadicos, juegos infantiles, patios recreativos y una cocina equipada para la correcta alimentaci\u00f3n de los menores.<\/p>\n\n\n\n<figure class=\"wp-block-embed is-type-wp-embed is-provider-sector-prensa wp-block-embed-sector-prensa\"><div class=\"wp-block-embed__wrapper\">\n<blockquote class=\"wp-embedded-content\" data-secret=\"IsYxJmyBS3\"><a href=\"https:\/\/sectorprensa.com.ar\/2023\/06\/08\/zabaleta-estamos-haciendo-lo-que-hay-que-hacer\/\">Zabaleta: \u201cEstamos haciendo lo que hay que hacer\u201d<\/a><\/blockquote><iframe loading=\"lazy\" class=\"wp-embedded-content\" sandbox=\"allow-scripts\" security=\"restricted\" style=\"position: absolute; clip: rect(1px, 1px, 1px, 1px);\" title=\"\u00abZabaleta: \u201cEstamos haciendo lo que hay que hacer\u201d\u00bb \u2014 Sector Prensa\" src=\"https:\/\/sectorprensa.com.ar\/2023\/06\/08\/zabaleta-estamos-haciendo-lo-que-hay-que-hacer\/embed\/#?secret=RyR2cjTp2n#?secret=IsYxJmyBS3\" data-secret=\"IsYxJmyBS3\" width=\"600\" height=\"338\" frameborder=\"0\" marginwidth=\"0\" marginheight=\"0\" scrolling=\"no\"><\/iframe>\n<\/div><\/figure>\n\r\n","protected":false},"excerpt":{"rendered":"<p>El ministro de Obras P\u00fablicas inaugur\u00f3 un Centro de Desarrollo Infantil en el distrito, que ofrecer\u00e1 tres turnos en colaboraci\u00f3n<\/p>\n","protected":false},"author":6,"featured_media":54961,"comment_status":"closed","ping_status":"closed","sticky":false,"template":"","format":"standard","meta":{"colormag_page_container_layout":"default_layout","colormag_page_sidebar_layout":"default_layout","footnotes":""},"categories":[17,6,1173,8,10],"tags":[3845,6539,2795,6920,45],"class_list":["post-54960","post","type-post","status-publish","format-standard","has-post-thumbnail","hentry","category-destacadas","category-hurlingham","category-municipales","category-politica","category-sociedad","tag-cdi","tag-centro-de-desarrollo-infantil","tag-gabriel-katopodis","tag-inauguracion-2","tag-juan-zabaleta"],"_links":{"self":[{"href":"https:\/\/sectorprensa.com.ar\/index.php?rest_route=\/wp\/v2\/posts\/54960","targetHints":{"allow":["GET"]}}],"collection":[{"href":"https:\/\/sectorprensa.com.ar\/index.php?rest_route=\/wp\/v2\/posts"}],"about":[{"href":"https:\/\/sectorprensa.com.ar\/index.php?rest_route=\/wp\/v2\/types\/post"}],"author":[{"embeddable":true,"href":"https:\/\/sectorprensa.com.ar\/index.php?rest_route=\/wp\/v2\/users\/6"}],"replies":[{"embeddable":true,"href":"https:\/\/sectorprensa.com.ar\/index.php?rest_route=%2Fwp%2Fv2%2Fcomments&post=54960"}],"version-history":[{"count":2,"href":"https:\/\/sectorprensa.com.ar\/index.php?rest_route=\/wp\/v2\/posts\/54960\/revisions"}],"predecessor-version":[{"id":54982,"href":"https:\/\/sectorprensa.com.ar\/index.php?rest_route=\/wp\/v2\/posts\/54960\/revisions\/54982"}],"wp:featuredmedia":[{"embeddable":true,"href":"https:\/\/sectorprensa.com.ar\/index.php?rest_route=\/wp\/v2\/media\/54961"}],"wp:attachment":[{"href":"https:\/\/sectorprensa.com.ar\/index.php?rest_route=%2Fwp%2Fv2%2Fmedia&parent=54960"}],"wp:term":[{"taxonomy":"category","embeddable":true,"href":"https:\/\/sectorprensa.com.ar\/index.php?rest_route=%2Fwp%2Fv2%2Fcategories&post=54960"},{"taxonomy":"post_tag","embeddable":true,"href":"https:\/\/sectorprensa.com.ar\/index.php?rest_route=%2Fwp%2Fv2%2Ftags&post=54960"}],"curies":[{"name":"wp","href":"https:\/\/api.w.org\/{rel}","templated":true}]}}