{"id":55046,"date":"2023-06-13T09:13:15","date_gmt":"2023-06-13T12:13:15","guid":{"rendered":"https:\/\/sectorprensa.com.ar\/?p=55046"},"modified":"2023-06-13T09:13:16","modified_gmt":"2023-06-13T12:13:16","slug":"moron-inauguraron-un-mural-en-el-corredor-islas-malvinas-de-el-palomar","status":"publish","type":"post","link":"https:\/\/sectorprensa.com.ar\/?p=55046","title":{"rendered":"Mor\u00f3n: inauguraron un mural en el Corredor Islas Malvinas de El Palomar"},"content":{"rendered":"\n<h6 class=\"wp-block-heading\"><strong>Fue en el marco del D\u00eda de la Afirmaci\u00f3n de los Derechos Argentinos sobre las Malvinas. El acto estuvo encabezado por el intendente Lucas Ghi.<\/strong><\/h6>\n\n\n\n<p>En el marco del D\u00eda de la Afirmaci\u00f3n de los Derechos Argentinos sobre las Malvinas, inauguramos un mural en el Corredor Islas Malvinas de El Palomar.<\/p>\n\n\n\n<p>El acto estuvo encabezado por el intendente Lucas Ghi junto al Centro de Veteranos de Guerra de Mor\u00f3n, la Asociaci\u00f3n Civil \u201cUnidos por Malvinas\u201d de El Palomar, funcionarias y funcionarios.<\/p>\n\n\n\n<p>Se trata de una obra presentada por Roberto Zitelli, vecino de El Palomar, que fue realizada con t\u00e9cnicas de mosaiquismo y trencadis. Representa el paisaje agreste, el mar y el cielo de las islas, donde el vuelo de las gaviotas se dirigen hacia las cruces de nuestros h\u00e9roes.<\/p>\n\n\n\n<p>Acompa\u00f1aron la realizaci\u00f3n de la obra el equipo de arte p\u00fablico del Espacio Villa Mecenas, el espacio Municipal de Artes Visuales y la Direcci\u00f3n de Veteranos de Guerra.<\/p>\n\n\n\n<p>\u201cMalvinas Nos Une con el compromiso de mantener firme el reclamo por la soberan\u00eda argentina sobre las Islas\u201d, expresaron desde el Municipio.<\/p>\n\n\n\n<figure class=\"wp-block-embed is-type-wp-embed is-provider-sector-prensa wp-block-embed-sector-prensa\"><div class=\"wp-block-embed__wrapper\">\n<blockquote class=\"wp-embedded-content\" data-secret=\"9S8bzqw1SY\"><a href=\"https:\/\/sectorprensa.com.ar\/2023\/06\/12\/en-junio-moron-organiza-actividades-en-diversos-centros-de-jubilados\/\">En junio, Mor\u00f3n organiza actividades en diversos Centros de Jubilados<\/a><\/blockquote><iframe loading=\"lazy\" class=\"wp-embedded-content\" sandbox=\"allow-scripts\" security=\"restricted\" style=\"position: absolute; clip: rect(1px, 1px, 1px, 1px);\" title=\"\u00abEn junio, Mor\u00f3n organiza actividades en diversos Centros de Jubilados\u00bb \u2014 Sector Prensa\" src=\"https:\/\/sectorprensa.com.ar\/2023\/06\/12\/en-junio-moron-organiza-actividades-en-diversos-centros-de-jubilados\/embed\/#?secret=1NclCNwtcS#?secret=9S8bzqw1SY\" data-secret=\"9S8bzqw1SY\" width=\"600\" height=\"338\" frameborder=\"0\" marginwidth=\"0\" marginheight=\"0\" scrolling=\"no\"><\/iframe>\n<\/div><\/figure>\n\r\n","protected":false},"excerpt":{"rendered":"<p>Fue en el marco del D\u00eda de la Afirmaci\u00f3n de los Derechos Argentinos sobre las Malvinas. El acto estuvo encabezado<\/p>\n","protected":false},"author":6,"featured_media":55048,"comment_status":"closed","ping_status":"closed","sticky":false,"template":"","format":"standard","meta":{"colormag_page_container_layout":"default_layout","colormag_page_sidebar_layout":"default_layout","footnotes":""},"categories":[6828,5,1173,10],"tags":[6574,526,6920,311,247],"class_list":["post-55046","post","type-post","status-publish","format-standard","has-post-thumbnail","hentry","category-mas-destacadas","category-moron","category-municipales","category-sociedad","tag-corredor-islas-malvinas","tag-el-palomar","tag-inauguracion-2","tag-lucas-ghi","tag-mural"],"_links":{"self":[{"href":"https:\/\/sectorprensa.com.ar\/index.php?rest_route=\/wp\/v2\/posts\/55046","targetHints":{"allow":["GET"]}}],"collection":[{"href":"https:\/\/sectorprensa.com.ar\/index.php?rest_route=\/wp\/v2\/posts"}],"about":[{"href":"https:\/\/sectorprensa.com.ar\/index.php?rest_route=\/wp\/v2\/types\/post"}],"author":[{"embeddable":true,"href":"https:\/\/sectorprensa.com.ar\/index.php?rest_route=\/wp\/v2\/users\/6"}],"replies":[{"embeddable":true,"href":"https:\/\/sectorprensa.com.ar\/index.php?rest_route=%2Fwp%2Fv2%2Fcomments&post=55046"}],"version-history":[{"count":1,"href":"https:\/\/sectorprensa.com.ar\/index.php?rest_route=\/wp\/v2\/posts\/55046\/revisions"}],"predecessor-version":[{"id":55049,"href":"https:\/\/sectorprensa.com.ar\/index.php?rest_route=\/wp\/v2\/posts\/55046\/revisions\/55049"}],"wp:featuredmedia":[{"embeddable":true,"href":"https:\/\/sectorprensa.com.ar\/index.php?rest_route=\/wp\/v2\/media\/55048"}],"wp:attachment":[{"href":"https:\/\/sectorprensa.com.ar\/index.php?rest_route=%2Fwp%2Fv2%2Fmedia&parent=55046"}],"wp:term":[{"taxonomy":"category","embeddable":true,"href":"https:\/\/sectorprensa.com.ar\/index.php?rest_route=%2Fwp%2Fv2%2Fcategories&post=55046"},{"taxonomy":"post_tag","embeddable":true,"href":"https:\/\/sectorprensa.com.ar\/index.php?rest_route=%2Fwp%2Fv2%2Ftags&post=55046"}],"curies":[{"name":"wp","href":"https:\/\/api.w.org\/{rel}","templated":true}]}}