{"id":55169,"date":"2023-06-15T17:18:52","date_gmt":"2023-06-15T20:18:52","guid":{"rendered":"https:\/\/sectorprensa.com.ar\/?p=55169"},"modified":"2023-06-16T00:51:49","modified_gmt":"2023-06-16T03:51:49","slug":"dease-presento-su-disco-anfis-bena","status":"publish","type":"post","link":"https:\/\/sectorprensa.com.ar\/?p=55169","title":{"rendered":"Dease: \u00abmi disco es un sentimiento de extranjer\u00eda para con el mundo externo\u00bb"},"content":{"rendered":"\n<h6 class=\"wp-block-heading\"><strong>El artista oriundo de Ituzaing\u00f3 coment\u00f3 el por qu\u00e9 del nombre de su primer material discogr\u00e1fico, \u00abAnfis Bena\u00bb y su concepto. Tambi\u00e9n, anticip\u00f3 lo que viene, cont\u00f3 quienes son sus influencias en la m\u00fasica y expres\u00f3 sentirse en dos mundos distintos en relaci\u00f3n a trasladarse de Ituzaing\u00f3 a CABA.<\/strong><\/h6>\n\n\n\n<p>Francisco Baccega, conocido como Dease, tiene 22 a\u00f1os y se desempe\u00f1a como m\u00fasico, actor y modelo. En este 2023 pudo lanzar su primer disco como solista, ya que anteriormente integr\u00f3 otras bandas, y lo llam\u00f3 \u00abAnfis Bena\u00bb, agreg\u00f3 los v\u00eddeos clips de las canciones \u00abnuevos vicios\u00bb e \u00abIsaak\u00bb. En di\u00e1logo con un medio radial, revel\u00f3 que se inspir\u00f3 en un relato de Jorge Luis Borges para elegir el nombre de su material, adem\u00e1s explic\u00f3 el concepto que quiso darle. Otros temas de la entrevista fueron el repaso de su carrera, sus influencias, el sentirse entre dos lugares muy distintos cuando se trasladaba desde su Ituzaing\u00f3 a Capital Federal, el telonear a dos bandas conocidas y el mini documental que tendr\u00e1 en un canal de cable.<\/p>\n\n\n\n<p>\u00abEs mi primer \u00e1lbum, debut como solista. Cuenta con trece canciones, hay cuatro que tienen v\u00eddeos clip. Todo el material est\u00e1 en Spotify, YouTube, Amazon, en cualquier plataforma digital\u00bb, cont\u00f3 en Radio B\u00fanker 94.9, en \u00abEl Tanke de B\u00fanker\u00bb (lunes a viernes, de 10 a 13hs), sobre el lanzamiento de su nuevo trabajo.<\/p>\n\n\n\n<p>\u00abEs un disco que parte de un sentimiento de extranjer\u00eda para con el mundo externo, el hecho de sentirse turista y for\u00e1neo ante la realidad comunidad. En efecto, un deseo de trascender espiritualmente hasta despojarse de toda profanaci\u00f3n vulgar, lo que yo considero cualquier tipo de detractor, y ser uno con el absoluto po\u00e9tico. Es como muy influenciado por la poes\u00eda, que surge y emerge a partir de eso. De hecho, el nombre lo tom\u00e9 de un relato de Borges, del Libro de Arena, es un grandioso libro. Busqu\u00e9 su significado, se trataba de la serpiente mitol\u00f3gica griega de dos cabezas, eso es la anfis bena. Me pareci\u00f3 muy interesante que sea un animal dotado de dos cabezas, una se desplaza hacia un lado y la otra para el lado opuesto, y se generaba cierta ri\u00f1a en este animal por tener dos destinos distintos. Eso lo adapt\u00e9 a mi relato, a lo que quer\u00eda contar, y me vino perfecto porque la anfis bena viv\u00eda debajo de la tierra y una de mis canciones se llama el t\u00fanel. Tambi\u00e9n se alimentaba de los cuerpos que quedaban atr\u00e1s en la batalla, yo la interpret\u00e9 como la retroalimentaci\u00f3n de los recuerdos, se puede pensar a los recuerdos como cad\u00e1veres de manera metaf\u00f3ricamente\u00bb, detall\u00f3 el artista.<\/p>\n\n\n\n<figure class=\"wp-block-embed is-type-video is-provider-youtube wp-block-embed-youtube wp-embed-aspect-16-9 wp-has-aspect-ratio\"><div class=\"wp-block-embed__wrapper\">\n<iframe loading=\"lazy\" title=\"Dease - Nuevos Vicios (Video oficial)\" width=\"800\" height=\"450\" src=\"https:\/\/www.youtube.com\/embed\/SW19EslISaI?feature=oembed\" frameborder=\"0\" allow=\"accelerometer; autoplay; clipboard-write; encrypted-media; gyroscope; picture-in-picture; web-share\" allowfullscreen><\/iframe>\n<\/div><\/figure>\n\n\n\n<p>Sus influencias en la m\u00fasica: \u00abMi familia, destacando a mi pap\u00e1 que es guitarrista y mi t\u00eda dise\u00f1adora de moda, me hizo crecer entre amplificadores y vestidos. Mi idiosincrasia musical se defini\u00f3 porque yo viv\u00eda ac\u00e1 en Ituzaing\u00f3 pero ten\u00eda mi entorno en Capital, cuando me iba para all\u00e1 era como viajar a otro pa\u00eds. Hoy en d\u00eda estoy viviendo m\u00e1s en Capital, pero no olvido mi origen\u00bb, se\u00f1al\u00f3.<\/p>\n\n\n\n<p>El g\u00e9nero elegido para su m\u00fasica: \u00abYo lo considero m\u00e1s como un pop alternativo, porque no es el que todos conocemos. Siempre que hablamos de referencias nombro a Bowe y Bj\u00f6rk, porque siento que ellos le supieron dar esa vuelta de tuerca al pop sin que sea ese g\u00e9nero que hace Madonna, por ejemplo. Me interes\u00f3 tambi\u00e9n la oscuridad\u00bb, se\u00f1al\u00f3.<\/p>\n\n\n\n<figure class=\"wp-block-embed is-type-video is-provider-youtube wp-block-embed-youtube wp-embed-aspect-4-3 wp-has-aspect-ratio\"><div class=\"wp-block-embed__wrapper\">\n<iframe loading=\"lazy\" title=\"Dease - Isaak (Video Oficial)\" width=\"800\" height=\"600\" src=\"https:\/\/www.youtube.com\/embed\/N1jHmww-y2A?feature=oembed\" frameborder=\"0\" allow=\"accelerometer; autoplay; clipboard-write; encrypted-media; gyroscope; picture-in-picture; web-share\" allowfullscreen><\/iframe>\n<\/div><\/figure>\n\n\n\n<p>Los recuerdos de haber teloneado a Ella Es Tan Cargosa y La Mississippi: \u00abFue una experiencia fabulosa. Era muy chico, ten\u00eda 19 a\u00f1os, y no hab\u00eda pasado por tantas experiencias de tocar en vivo, como solista. Estaba tan ansioso como nervioso, igual sali\u00f3 todo bien, pero fue una experiencia grandilocuente. Me gust\u00f3 mucho la libertad creativa que tuve a la hora de llevar a cabo mi show, plantear un tipo de iluminaci\u00f3n especial, es lo que hago siempre\u00bb, destac\u00f3.<\/p>\n\n\n\n<p>Los nuevos proyectos: \u00abEstoy por filmar una live sesion el 15 de julio, en Romaphonic Studios. Lo estoy tramando con mucha \u00edmpetu junto al mismo equipo que colabor\u00f3 conmigo en la fecha de presentaci\u00f3n del disco. Realmente va a ser un hito, hace tiempo tengo ganas de presentar mi m\u00fasica bajo ese formato. Ayer termin\u00e9 de hacer un mini documental con TN, me descubrieron cuando cantaba en el subte para financiar mi disco. Esto puede salir la semana que viene, se va a publicar primero en la web y despu\u00e9s en la tele\u00bb, adelant\u00f3.<\/p>\n\n\n\n<figure class=\"wp-block-embed is-type-wp-embed is-provider-sector-prensa wp-block-embed-sector-prensa\"><div class=\"wp-block-embed__wrapper\">\n<blockquote class=\"wp-embedded-content\" data-secret=\"vrhOL7mdkD\"><a href=\"https:\/\/sectorprensa.com.ar\/2023\/06\/13\/se-reprogramo-la-fiesta-patronal-de-padua-se-realizara-este-fin-de-semana\/\">Se reprogram\u00f3 la Fiesta Patronal de Padua: se realizar\u00e1 este fin de semana<\/a><\/blockquote><iframe loading=\"lazy\" class=\"wp-embedded-content\" sandbox=\"allow-scripts\" security=\"restricted\" style=\"position: absolute; clip: rect(1px, 1px, 1px, 1px);\" title=\"\u00abSe reprogram\u00f3 la Fiesta Patronal de Padua: se realizar\u00e1 este fin de semana\u00bb \u2014 Sector Prensa\" src=\"https:\/\/sectorprensa.com.ar\/2023\/06\/13\/se-reprogramo-la-fiesta-patronal-de-padua-se-realizara-este-fin-de-semana\/embed\/#?secret=YvxnlRsS2F#?secret=vrhOL7mdkD\" data-secret=\"vrhOL7mdkD\" width=\"600\" height=\"338\" frameborder=\"0\" marginwidth=\"0\" marginheight=\"0\" scrolling=\"no\"><\/iframe>\n<\/div><\/figure>\n\r\n","protected":false},"excerpt":{"rendered":"<p>El artista oriundo de Ituzaing\u00f3 coment\u00f3 el por qu\u00e9 del nombre de su primer material discogr\u00e1fico, \u00abAnfis Bena\u00bb y su<\/p>\n","protected":false},"author":5,"featured_media":55170,"comment_status":"closed","ping_status":"closed","sticky":false,"template":"","format":"standard","meta":{"colormag_page_container_layout":"default_layout","colormag_page_sidebar_layout":"default_layout","footnotes":""},"categories":[9,17,13],"tags":[7830,7829],"class_list":["post-55169","post","type-post","status-publish","format-standard","has-post-thumbnail","hentry","category-cultura","category-destacadas","category-personajes","tag-anfis-bena","tag-dease"],"_links":{"self":[{"href":"https:\/\/sectorprensa.com.ar\/index.php?rest_route=\/wp\/v2\/posts\/55169","targetHints":{"allow":["GET"]}}],"collection":[{"href":"https:\/\/sectorprensa.com.ar\/index.php?rest_route=\/wp\/v2\/posts"}],"about":[{"href":"https:\/\/sectorprensa.com.ar\/index.php?rest_route=\/wp\/v2\/types\/post"}],"author":[{"embeddable":true,"href":"https:\/\/sectorprensa.com.ar\/index.php?rest_route=\/wp\/v2\/users\/5"}],"replies":[{"embeddable":true,"href":"https:\/\/sectorprensa.com.ar\/index.php?rest_route=%2Fwp%2Fv2%2Fcomments&post=55169"}],"version-history":[{"count":4,"href":"https:\/\/sectorprensa.com.ar\/index.php?rest_route=\/wp\/v2\/posts\/55169\/revisions"}],"predecessor-version":[{"id":55181,"href":"https:\/\/sectorprensa.com.ar\/index.php?rest_route=\/wp\/v2\/posts\/55169\/revisions\/55181"}],"wp:featuredmedia":[{"embeddable":true,"href":"https:\/\/sectorprensa.com.ar\/index.php?rest_route=\/wp\/v2\/media\/55170"}],"wp:attachment":[{"href":"https:\/\/sectorprensa.com.ar\/index.php?rest_route=%2Fwp%2Fv2%2Fmedia&parent=55169"}],"wp:term":[{"taxonomy":"category","embeddable":true,"href":"https:\/\/sectorprensa.com.ar\/index.php?rest_route=%2Fwp%2Fv2%2Fcategories&post=55169"},{"taxonomy":"post_tag","embeddable":true,"href":"https:\/\/sectorprensa.com.ar\/index.php?rest_route=%2Fwp%2Fv2%2Ftags&post=55169"}],"curies":[{"name":"wp","href":"https:\/\/api.w.org\/{rel}","templated":true}]}}