{"id":55182,"date":"2023-06-16T01:41:12","date_gmt":"2023-06-16T04:41:12","guid":{"rendered":"https:\/\/sectorprensa.com.ar\/?p=55182"},"modified":"2023-06-16T01:41:12","modified_gmt":"2023-06-16T04:41:12","slug":"noche-negra-en-merlo-norte","status":"publish","type":"post","link":"https:\/\/sectorprensa.com.ar\/?p=55182","title":{"rendered":"Noche negra en Merlo Norte"},"content":{"rendered":"\n<h6 class=\"wp-block-heading\"><strong>Argentino de Merlo cay\u00f3 ante Villa San Carlos por 1 a 0 en el marco de la fecha 2 del Clausura de la B Metro. La Academia fue superior, pero los tres puntos se fueron a Berisso. Germ\u00e1n Oviedo contuvo un penal en el segundo tiempo.<\/strong><\/h6>\n\n\n\n<p>El primer tiempo fue muy friccionado y cortado por las faltas, aunque Argentino de Merlo intent\u00f3 imponer las condiciones. Sin embargo, luego de una gran jugada, apareci\u00f3 Lucas Licht a los 15 minutos para darle la ventaja a Villa San Carlos. Si bien el due\u00f1o de casa tuvo posibilidades de empatar, no estuvo fino.<\/p>\n\n\n\n<p>La etapa complementaria comenz\u00f3 con malas noticias para la Academia, ya que el Celeste contaba con un penal a su favor por una infracci\u00f3n de Gabriel Tomasini. Pero Germ\u00e1n Oviedo evit\u00f3 el segundo de la visita y contuvo el penal de Emanuel Zagert, el arquero luego salv\u00f3 a su equipo en un tiro libre. A partir de ah\u00ed, el conjunto de Merlo Norte arrincon\u00f3 a su rival y gener\u00f3 varias situaciones de peligro, pero el arco no se abri\u00f3. Cabe destacar, con el correr del tiempo los simpatizantes locales se fueron impacientando con el arbitraje, adem\u00e1s hubo quejas ya que consideraban que el arquero Manuel Peralta Salinas trataba de consumir segundos, tambi\u00e9n se protestaron la adici\u00f3n de cinco minutos despu\u00e9s de los 90\u00b4.<\/p>\n\n\n\n<p>El reloj sigui\u00f3 su curso y el encuentro lleg\u00f3 a su fin. Noche fr\u00eda y negra para los dirigidos por Lucas Nohra. Con esta derrota caen al 13\u00b0 lugar con 1 unidad. En la siguiente jornada, visitar\u00e1n al campe\u00f3n del Apertura de la B Metro, San Miguel.<\/p>\n\r\n","protected":false},"excerpt":{"rendered":"<p>Argentino de Merlo cay\u00f3 ante Villa San Carlos por 1 a 0 en el marco de la fecha 2 del<\/p>\n","protected":false},"author":5,"featured_media":55183,"comment_status":"closed","ping_status":"closed","sticky":false,"template":"","format":"standard","meta":{"colormag_page_container_layout":"default_layout","colormag_page_sidebar_layout":"default_layout","footnotes":""},"categories":[11],"tags":[176,5147],"class_list":["post-55182","post","type-post","status-publish","format-standard","has-post-thumbnail","hentry","category-deportes","tag-argentino-de-merlo","tag-b-metro"],"_links":{"self":[{"href":"https:\/\/sectorprensa.com.ar\/index.php?rest_route=\/wp\/v2\/posts\/55182","targetHints":{"allow":["GET"]}}],"collection":[{"href":"https:\/\/sectorprensa.com.ar\/index.php?rest_route=\/wp\/v2\/posts"}],"about":[{"href":"https:\/\/sectorprensa.com.ar\/index.php?rest_route=\/wp\/v2\/types\/post"}],"author":[{"embeddable":true,"href":"https:\/\/sectorprensa.com.ar\/index.php?rest_route=\/wp\/v2\/users\/5"}],"replies":[{"embeddable":true,"href":"https:\/\/sectorprensa.com.ar\/index.php?rest_route=%2Fwp%2Fv2%2Fcomments&post=55182"}],"version-history":[{"count":1,"href":"https:\/\/sectorprensa.com.ar\/index.php?rest_route=\/wp\/v2\/posts\/55182\/revisions"}],"predecessor-version":[{"id":55184,"href":"https:\/\/sectorprensa.com.ar\/index.php?rest_route=\/wp\/v2\/posts\/55182\/revisions\/55184"}],"wp:featuredmedia":[{"embeddable":true,"href":"https:\/\/sectorprensa.com.ar\/index.php?rest_route=\/wp\/v2\/media\/55183"}],"wp:attachment":[{"href":"https:\/\/sectorprensa.com.ar\/index.php?rest_route=%2Fwp%2Fv2%2Fmedia&parent=55182"}],"wp:term":[{"taxonomy":"category","embeddable":true,"href":"https:\/\/sectorprensa.com.ar\/index.php?rest_route=%2Fwp%2Fv2%2Fcategories&post=55182"},{"taxonomy":"post_tag","embeddable":true,"href":"https:\/\/sectorprensa.com.ar\/index.php?rest_route=%2Fwp%2Fv2%2Ftags&post=55182"}],"curies":[{"name":"wp","href":"https:\/\/api.w.org\/{rel}","templated":true}]}}