{"id":55347,"date":"2023-06-25T12:38:08","date_gmt":"2023-06-25T15:38:08","guid":{"rendered":"https:\/\/sectorprensa.com.ar\/?p=55347"},"modified":"2023-06-26T18:54:13","modified_gmt":"2023-06-26T21:54:13","slug":"hurlingham-habra-paso-entre-zabaleta-y-selci-en-union-por-la-patria","status":"publish","type":"post","link":"https:\/\/sectorprensa.com.ar\/?p=55347","title":{"rendered":"Hurlingham: habr\u00e1 PASO entre Zabaleta y Selci en Uni\u00f3n por la Patria"},"content":{"rendered":"\n<h6 class=\"wp-block-heading\"><strong>El Intendente de Hurlingham Juan Zabaleta ir\u00e1 por su reelecci\u00f3n y enfrentar\u00e1 a Dami\u00e1n Selci de La C\u00e1mpora, quien lo reemplaz\u00f3 cuando fue ministro de Desarrollo.&nbsp;<\/strong><\/h6>\n\n\n\n<p>Uni\u00f3n por la Patria tendr\u00e1 PASO el pr\u00f3ximo 13 de agosto: Juan Zabaleta, intendente que busca la reelecci\u00f3n, se enfrentar\u00e1 al referente de La C\u00e1mpora Dami\u00e1n Selci, que ocup\u00f3 el cargo de jefe comunal cuando Zabaleta fue ministro de Desarrollo Social de la Naci\u00f3n.<\/p>\n\n\n\n<p>En este sentido, Zabaleta escribi\u00f3 en sus redes sociales: \u201cSigamos trabajando unidos en la consolidaci\u00f3n de este Hurlingham que no para de crecer, con la convicci\u00f3n de hacer que cada vecino viva mejor, m\u00e1s tranquilo y seguro\u201d.<\/p>\n\n\n\n<figure class=\"wp-block-embed is-type-rich is-provider-twitter wp-block-embed-twitter\"><div class=\"wp-block-embed__wrapper\">\n<blockquote class=\"twitter-tweet\" data-width=\"550\" data-dnt=\"true\"><p lang=\"es\" dir=\"ltr\">Firm\u00e9 mi precandidatura a intendente por <a href=\"https:\/\/twitter.com\/hashtag\/Uni%C3%B3nPorLaPatria?src=hash&amp;ref_src=twsrc%5Etfw\">#Uni\u00f3nPorLaPatria<\/a>, con el compromiso intacto y m\u00e1s fuerza que nunca.<br><br>Sigamos trabajando unidos en la consolidaci\u00f3n de este Hurlingham que no para de crecer, con la convicci\u00f3n de hacer que cada vecino viva mejor, m\u00e1s tranquilo y seguro. <a href=\"https:\/\/t.co\/L0OZVh0nwQ\">pic.twitter.com\/L0OZVh0nwQ<\/a><\/p>&mdash; Juan Zabaleta (@JuanZabaletaOK) <a href=\"https:\/\/twitter.com\/JuanZabaletaOK\/status\/1672780440707497984?ref_src=twsrc%5Etfw\">June 25, 2023<\/a><\/blockquote><script async src=\"https:\/\/platform.twitter.com\/widgets.js\" charset=\"utf-8\"><\/script>\n<\/div><\/figure>\n\n\n\n<p>Por su parte, Selci manifest\u00f3: \u201cFirm\u00e9 mi precandidatura a intendente de Hurlingham. La ciudad que tuve el privilegio de gobernar por un a\u00f1o. Con la fuerza del amor por Hurlingham, la experiencia de la gesti\u00f3n y el compromiso con los vecinos y vecinas: Hay un Hurlingham mejor\u201d.<\/p>\n\n\n\n<figure class=\"wp-block-embed is-type-rich is-provider-twitter wp-block-embed-twitter\"><div class=\"wp-block-embed__wrapper\">\n<blockquote class=\"twitter-tweet\" data-width=\"550\" data-dnt=\"true\"><p lang=\"es\" dir=\"ltr\">Firm\u00e9 mi precandidatura a intendente de Hurlingham. La ciudad que tuve el privilegio de gobernar por un a\u00f1o. Con la fuerza del amor por Hurlingham, la experiencia de la gesti\u00f3n y el compromiso con los vecinos y vecinas: Hay un Hurlingham mejor. \ud83e\ude77 <a href=\"https:\/\/t.co\/9fLUy0saWO\">pic.twitter.com\/9fLUy0saWO<\/a><\/p>&mdash; Dami\u00e1n Selci (@DamianSelci) <a href=\"https:\/\/twitter.com\/DamianSelci\/status\/1672797985502052352?ref_src=twsrc%5Etfw\">June 25, 2023<\/a><\/blockquote><script async src=\"https:\/\/platform.twitter.com\/widgets.js\" charset=\"utf-8\"><\/script>\n<\/div><\/figure>\n\n\n\n<figure class=\"wp-block-embed is-type-wp-embed is-provider-sector-prensa wp-block-embed-sector-prensa\"><div class=\"wp-block-embed__wrapper\">\n<blockquote class=\"wp-embedded-content\" data-secret=\"6JS4EK1otd\"><a href=\"https:\/\/sectorprensa.com.ar\/2023\/06\/24\/moron-lucas-ghi-buscara-un-nuevo-mandato-y-participara-de-las-paso-con-una-lista-de-unidad\/\">Mor\u00f3n: Lucas Ghi buscar\u00e1 un nuevo mandato y participar\u00e1 de las PASO con una lista de unidad<\/a><\/blockquote><iframe loading=\"lazy\" class=\"wp-embedded-content\" sandbox=\"allow-scripts\" security=\"restricted\" style=\"position: absolute; clip: rect(1px, 1px, 1px, 1px);\" title=\"\u00abMor\u00f3n: Lucas Ghi buscar\u00e1 un nuevo mandato y participar\u00e1 de las PASO con una lista de unidad\u00bb \u2014 Sector Prensa\" src=\"https:\/\/sectorprensa.com.ar\/2023\/06\/24\/moron-lucas-ghi-buscara-un-nuevo-mandato-y-participara-de-las-paso-con-una-lista-de-unidad\/embed\/#?secret=1jHgr2mvmZ#?secret=6JS4EK1otd\" data-secret=\"6JS4EK1otd\" width=\"600\" height=\"338\" frameborder=\"0\" marginwidth=\"0\" marginheight=\"0\" scrolling=\"no\"><\/iframe>\n<\/div><\/figure>\n\r\n","protected":false},"excerpt":{"rendered":"<p>El Intendente de Hurlingham Juan Zabaleta ir\u00e1 por su reelecci\u00f3n y enfrentar\u00e1 a Dami\u00e1n Selci de La C\u00e1mpora, quien lo<\/p>\n","protected":false},"author":6,"featured_media":55348,"comment_status":"closed","ping_status":"closed","sticky":false,"template":"","format":"standard","meta":{"colormag_page_container_layout":"default_layout","colormag_page_sidebar_layout":"default_layout","footnotes":""},"categories":[6,6828,8],"tags":[327,7117,45,3147,7831],"class_list":["post-55347","post","type-post","status-publish","format-standard","has-post-thumbnail","hentry","category-hurlingham","category-mas-destacadas","category-politica","tag-elecciones","tag-elecciones-2023","tag-juan-zabaleta","tag-paso","tag-union-por-la-patria"],"_links":{"self":[{"href":"https:\/\/sectorprensa.com.ar\/index.php?rest_route=\/wp\/v2\/posts\/55347","targetHints":{"allow":["GET"]}}],"collection":[{"href":"https:\/\/sectorprensa.com.ar\/index.php?rest_route=\/wp\/v2\/posts"}],"about":[{"href":"https:\/\/sectorprensa.com.ar\/index.php?rest_route=\/wp\/v2\/types\/post"}],"author":[{"embeddable":true,"href":"https:\/\/sectorprensa.com.ar\/index.php?rest_route=\/wp\/v2\/users\/6"}],"replies":[{"embeddable":true,"href":"https:\/\/sectorprensa.com.ar\/index.php?rest_route=%2Fwp%2Fv2%2Fcomments&post=55347"}],"version-history":[{"count":2,"href":"https:\/\/sectorprensa.com.ar\/index.php?rest_route=\/wp\/v2\/posts\/55347\/revisions"}],"predecessor-version":[{"id":55406,"href":"https:\/\/sectorprensa.com.ar\/index.php?rest_route=\/wp\/v2\/posts\/55347\/revisions\/55406"}],"wp:featuredmedia":[{"embeddable":true,"href":"https:\/\/sectorprensa.com.ar\/index.php?rest_route=\/wp\/v2\/media\/55348"}],"wp:attachment":[{"href":"https:\/\/sectorprensa.com.ar\/index.php?rest_route=%2Fwp%2Fv2%2Fmedia&parent=55347"}],"wp:term":[{"taxonomy":"category","embeddable":true,"href":"https:\/\/sectorprensa.com.ar\/index.php?rest_route=%2Fwp%2Fv2%2Fcategories&post=55347"},{"taxonomy":"post_tag","embeddable":true,"href":"https:\/\/sectorprensa.com.ar\/index.php?rest_route=%2Fwp%2Fv2%2Ftags&post=55347"}],"curies":[{"name":"wp","href":"https:\/\/api.w.org\/{rel}","templated":true}]}}