{"id":55622,"date":"2023-07-04T09:37:03","date_gmt":"2023-07-04T12:37:03","guid":{"rendered":"https:\/\/sectorprensa.com.ar\/?p=55622"},"modified":"2023-07-04T09:37:09","modified_gmt":"2023-07-04T12:37:09","slug":"zabaleta-y-el-apoyo-de-maximo-kirchner-a-selci-lo-que-pretendes-es-equilibrio","status":"publish","type":"post","link":"https:\/\/sectorprensa.com.ar\/?p=55622","title":{"rendered":"Zabaleta y el apoyo de M\u00e1ximo Kirchner a Selci: \u201cLo que pretend\u00e9s es equilibrio\u201d"},"content":{"rendered":"\n<h6 class=\"wp-block-heading\"><strong>El intendente de Hurlingham se refiri\u00f3 a su trabajo en el distrito y sobre las PASO que se vienen. \u201cYo no me la creo un minuto\u201d, sostuvo.<\/strong><\/h6>\n\n\n\n<p>El intendente de Hurlingham, Juan Zabaleta, habl\u00f3 con Alejandro Fantino en Neura Media sobre su trabajo en el distrito y opin\u00f3 de las PASO, donde enfrentar\u00e1 a Dami\u00e1n Selci en Uni\u00f3n por la Patria.<\/p>\n\n\n\n<p>Su trabajo: \u201cMe apasiona la pol\u00edtica. Gobernar es crear trabajo, Es cuidar a tu gente. Ponerle el cuerpo, no andar con `peros\u00b4, no echarle la culpa a nadie. M\u00e1s all\u00e1, si la culpa de alguna situaci\u00f3n pol\u00edtica la tiene alguien, bancatel\u00e1 y hac\u00e9 lo que ten\u00e9s que hacer\u201d, dijo Zabaleta.<\/p>\n\n\n\n<p>\u201cEntonces yo no tengo ninguna duda, yo s\u00e9 a qui\u00e9n tengo que defender todos los d\u00edas. A m\u00ed me encanta pelearme con los dirigentes, me apasiona. Es algo que no puedo controlar a veces, de discutir, ahora de rodillas con mi gente, de rodillas con mi vecina, con mi vecino, todos los d\u00edas\u201d, continu\u00f3 el intendente.<\/p>\n\n\n\n<figure class=\"wp-block-embed is-type-video is-provider-youtube wp-block-embed-youtube wp-embed-aspect-16-9 wp-has-aspect-ratio\"><div class=\"wp-block-embed__wrapper\">\n<iframe loading=\"lazy\" title=\"Juan Zabaleta con Ale Fantino - Multiverso Fantino - 03\/07\" width=\"800\" height=\"450\" src=\"https:\/\/www.youtube.com\/embed\/cmiXIZhw04U?feature=oembed\" frameborder=\"0\" allow=\"accelerometer; autoplay; clipboard-write; encrypted-media; gyroscope; picture-in-picture; web-share\" allowfullscreen><\/iframe>\n<\/div><\/figure>\n\n\n\n<p>Adem\u00e1s, coment\u00f3 que extra\u00f1\u00f3 Hurlingham cuando fue ministro de Desarrollo Social: \u201cExtra\u00f1\u00e9, porque estaba acostumbrado al d\u00eda a d\u00eda, a estar, a caminar, a recorrer, a parar en una panader\u00eda\u201d.<\/p>\n\n\n\n<p>Su opini\u00f3n con respecto al apoyo de M\u00e1ximo Kirchner a Dami\u00e1n Selci: \u201cM\u00e1ximo es el presidente de mi partido en la provincia de Buenos Aires. Yo integro el partido, soy parte, miembro del Partido Justicialista. La verdad es que, en alg\u00fan sentido hasta apena, porque vos lo que pretend\u00e9s del presidente de tu partido es equilibrio\u201d.<\/p>\n\n\n\n<p>\u201cMe apena ver a un abuelo que no alcanza la jubilaci\u00f3n por mes, me apena ver una persona que tiene miedo porque le pueden robar. Las cuestiones de la pol\u00edtica siguen estando muy lejos, pero bueno, es una reflexi\u00f3n en mi tiempo electoral\u201d, sigui\u00f3 Zabaleta.<\/p>\n\n\n\n<p>Sin embargo, el intendente prefiri\u00f3 no entrar en pol\u00e9micas: \u201cSon las reglas de juego tambi\u00e9n y est\u00e1 bien porque hay cosas que hay que naturalizarlas. No hay que dramatizar con algunas cuestiones, tampoco hay que darle m\u00e1s valor de lo que tiene en el sentido de lo que le pasa a la sociedad. El 13 de agosto hay una primaria, cuando no se puede sintetizar, cuando no se puede en una mesa ponerse de acuerdo para para plantear una propuesta, para discutir un modelo de gesti\u00f3n, para discutir un modelo de vinculaci\u00f3n con la sociedad, para discutir c\u00f3mo comunicar y c\u00f3mo determinar tal o cual pol\u00edtica, lo m\u00e1s importante es que la gente opine\u201d.<\/p>\n\n\n\n<p>Y cerr\u00f3: \u201cLo que va a pasar en Hurlingham el d\u00eda 13 de agosto es que mis vecinos van a decidir qui\u00e9nes quieren que sean los candidatos de Uni\u00f3n por la Patria. Y ah\u00ed dec\u00eds `pero vos sos intendente, fuiste ministro\u00b4. No. Yo no me la creo un minuto soy un tipo com\u00fan con responsabilidades importantes. Mi pueblo me puede convalidar o no para seguir administrando y trabajando para que Hurlingham siga creciendo, desarroll\u00e1ndose como lo venimos haciendo desde el a\u00f1o 2015\u201d.<\/p>\n\n\n\n<figure class=\"wp-block-embed is-type-wp-embed is-provider-sector-prensa wp-block-embed-sector-prensa\"><div class=\"wp-block-embed__wrapper\">\n<blockquote class=\"wp-embedded-content\" data-secret=\"HQGG1S6VxM\"><a href=\"https:\/\/sectorprensa.com.ar\/2023\/07\/03\/maximo-kirchner-en-hurlingham-apoyo-la-candidatura-de-damian-selci\/\">M\u00e1ximo Kirchner, en Hurlingham, apoy\u00f3 la candidatura de Dami\u00e1n Selci<\/a><\/blockquote><iframe loading=\"lazy\" class=\"wp-embedded-content\" sandbox=\"allow-scripts\" security=\"restricted\" style=\"position: absolute; clip: rect(1px, 1px, 1px, 1px);\" title=\"\u00abM\u00e1ximo Kirchner, en Hurlingham, apoy\u00f3 la candidatura de Dami\u00e1n Selci\u00bb \u2014 Sector Prensa\" src=\"https:\/\/sectorprensa.com.ar\/2023\/07\/03\/maximo-kirchner-en-hurlingham-apoyo-la-candidatura-de-damian-selci\/embed\/#?secret=oyQcIUgku5#?secret=HQGG1S6VxM\" data-secret=\"HQGG1S6VxM\" width=\"600\" height=\"338\" frameborder=\"0\" marginwidth=\"0\" marginheight=\"0\" scrolling=\"no\"><\/iframe>\n<\/div><\/figure>\n\r\n","protected":false},"excerpt":{"rendered":"<p>El intendente de Hurlingham se refiri\u00f3 a su trabajo en el distrito y sobre las PASO que se vienen. \u201cYo<\/p>\n","protected":false},"author":6,"featured_media":55623,"comment_status":"closed","ping_status":"closed","sticky":false,"template":"","format":"video","meta":{"colormag_page_container_layout":"default_layout","colormag_page_sidebar_layout":"default_layout","footnotes":""},"categories":[17,6,8],"tags":[327,7117,45,3086,3147,7831],"class_list":["post-55622","post","type-post","status-publish","format-video","has-post-thumbnail","hentry","category-destacadas","category-hurlingham","category-politica","tag-elecciones","tag-elecciones-2023","tag-juan-zabaleta","tag-maximo-kirchner","tag-paso","tag-union-por-la-patria","post_format-post-format-video"],"_links":{"self":[{"href":"https:\/\/sectorprensa.com.ar\/index.php?rest_route=\/wp\/v2\/posts\/55622","targetHints":{"allow":["GET"]}}],"collection":[{"href":"https:\/\/sectorprensa.com.ar\/index.php?rest_route=\/wp\/v2\/posts"}],"about":[{"href":"https:\/\/sectorprensa.com.ar\/index.php?rest_route=\/wp\/v2\/types\/post"}],"author":[{"embeddable":true,"href":"https:\/\/sectorprensa.com.ar\/index.php?rest_route=\/wp\/v2\/users\/6"}],"replies":[{"embeddable":true,"href":"https:\/\/sectorprensa.com.ar\/index.php?rest_route=%2Fwp%2Fv2%2Fcomments&post=55622"}],"version-history":[{"count":1,"href":"https:\/\/sectorprensa.com.ar\/index.php?rest_route=\/wp\/v2\/posts\/55622\/revisions"}],"predecessor-version":[{"id":55624,"href":"https:\/\/sectorprensa.com.ar\/index.php?rest_route=\/wp\/v2\/posts\/55622\/revisions\/55624"}],"wp:featuredmedia":[{"embeddable":true,"href":"https:\/\/sectorprensa.com.ar\/index.php?rest_route=\/wp\/v2\/media\/55623"}],"wp:attachment":[{"href":"https:\/\/sectorprensa.com.ar\/index.php?rest_route=%2Fwp%2Fv2%2Fmedia&parent=55622"}],"wp:term":[{"taxonomy":"category","embeddable":true,"href":"https:\/\/sectorprensa.com.ar\/index.php?rest_route=%2Fwp%2Fv2%2Fcategories&post=55622"},{"taxonomy":"post_tag","embeddable":true,"href":"https:\/\/sectorprensa.com.ar\/index.php?rest_route=%2Fwp%2Fv2%2Ftags&post=55622"}],"curies":[{"name":"wp","href":"https:\/\/api.w.org\/{rel}","templated":true}]}}