{"id":55926,"date":"2023-07-14T20:31:38","date_gmt":"2023-07-14T23:31:38","guid":{"rendered":"https:\/\/sectorprensa.com.ar\/?p=55926"},"modified":"2023-07-14T20:31:39","modified_gmt":"2023-07-14T23:31:39","slug":"video-motin-en-la-comisaria-4a-de-ituzaingo-dos-mujeres-policias-fueron-tomadas-de-rehenes","status":"publish","type":"post","link":"https:\/\/sectorprensa.com.ar\/?p=55926","title":{"rendered":"[Video] Mot\u00edn en la comisar\u00eda 4\u00aa de Ituzaing\u00f3: dos mujeres polic\u00edas fueron tomadas de rehenes"},"content":{"rendered":"\n<h6 class=\"wp-block-heading\"><strong>El hecho comenz\u00f3 alrededor de las 23:30 del jueves y se prolong\u00f3 hasta las 4:30 de este viernes. Los presos simularon una pelea para que ingresaran los guardias.<\/strong><\/h6>\n\n\n\n<p>En la comisar\u00eda 4\u00aa del partido de Ituzaing\u00f3 se produjo un intento de fuga por parte de m\u00e1s de 20 presos, quienes planificaron simular una pelea en uno de los calabozos para distraer a los guardias. La situaci\u00f3n escal\u00f3 r\u00e1pidamente y se convirti\u00f3 en un mot\u00edn, durante el cual dos polic\u00edas fueron tomadas como rehenes y permanecieron cautivas durante cinco horas.<\/p>\n\n\n\n<p>El hecho comenz\u00f3 alrededor de las 23:30 y se prolong\u00f3 hasta aproximadamente las 4:30 de la madrugada en la sede de la comisar\u00eda, ubicada en la calle Portugal 2850, en el barrio San Alberto.<\/p>\n\n\n\n<p>Varios detenidos, que se encontraban bajo custodia por diferentes causas, iniciaron una pelea a golpes en los calabozos con el objetivo de crear una distracci\u00f3n y facilitar la fuga de 21 presos.<\/p>\n\n\n\n<figure class=\"wp-block-embed is-type-rich is-provider-twitter wp-block-embed-twitter\"><div class=\"wp-block-embed__wrapper\">\n<blockquote class=\"twitter-tweet\" data-width=\"550\" data-dnt=\"true\"><p lang=\"es\" dir=\"ltr\">As\u00ed fue el   <a href=\"https:\/\/twitter.com\/hashtag\/Mot%C3%ADn?src=hash&amp;ref_src=twsrc%5Etfw\">#Mot\u00edn<\/a> en Cr\u00eda. <a href=\"https:\/\/twitter.com\/hashtag\/Ituzaing%C3%B3?src=hash&amp;ref_src=twsrc%5Etfw\">#Ituzaing\u00f3<\/a> 4ta. Oficial de Servicio y Ayte de Guardia (ambas femeninas) <br><br>\ud83d\udea8Cr\u00edo Aguilar lesionado le &quot; pegaron &quot;con alg\u00fan elemento en la cabeza.<br>oficial pazetti e inspector violaz las rehenes <a href=\"https:\/\/t.co\/cvkSI9Wb3l\">pic.twitter.com\/cvkSI9Wb3l<\/a><\/p>&mdash; Guillermo De Luca (@GuillermoDelu13) <a href=\"https:\/\/twitter.com\/GuillermoDelu13\/status\/1679981137186136064?ref_src=twsrc%5Etfw\">July 14, 2023<\/a><\/blockquote><script async src=\"https:\/\/platform.twitter.com\/widgets.js\" charset=\"utf-8\"><\/script>\n<\/div><\/figure>\n\n\n\n<p>Ante la intervenci\u00f3n del personal policial de la comisar\u00eda, los presos tomaron como rehenes a dos agentes: una oficial de servicio de la dependencia y una oficial inspectora. Las mantuvieron encerradas durante aproximadamente cinco horas.<\/p>\n\n\n\n<p>Previo a esto, cuando el comisario y otros oficiales ingresaron a las celdas para intentar controlar la pelea, fueron atacados a golpes.<\/p>\n\n\n\n<p>Una vez desencadenado el mot\u00edn, llegaron al lugar patrulleros de otras comisar\u00edas cercanas y efectivos del Grupo de Apoyo Departamental y del Grupo de Infanter\u00eda de Respuesta Inmediata (GIRI) de la polic\u00eda bonaerense, quienes rodearon la comisar\u00eda para evitar fugas.<\/p>\n\n\n\n<p>La fiscal de turno de Ituzaing\u00f3, Gabriela Mill\u00e1n, negoci\u00f3 con los presos para que liberaran a las dos polic\u00edas ilesas a cambio de realizar traslados a otras dependencias.<\/p>\n\n\n\n<p>Despu\u00e9s del incidente, se constat\u00f3 que no hubo heridos entre los detenidos ni entre el personal policial.<\/p>\n\n\n\n<p>Por orden de la titular de la Unidad Funcional de Instrucci\u00f3n (UFI) 1 de Ituzaing\u00f3, se inici\u00f3 una causa por \u201cprivaci\u00f3n ilegal de la libertad\u201d y todos los detenidos fueron trasladados a instalaciones del Servicio Penitenciario Bonaerense.<\/p>\n\n\n\n<figure class=\"wp-block-embed is-type-wp-embed is-provider-sector-prensa wp-block-embed-sector-prensa\"><div class=\"wp-block-embed__wrapper\">\n<blockquote class=\"wp-embedded-content\" data-secret=\"Eu1lnCASlx\"><a href=\"https:\/\/sectorprensa.com.ar\/2023\/07\/14\/video-violento-robo-a-una-mujer-delincuentes-encapuchados-se-llevaron-su-camioneta\/\">[Video] Violento robo a una mujer: delincuentes encapuchados se llevaron su camioneta<\/a><\/blockquote><iframe loading=\"lazy\" class=\"wp-embedded-content\" sandbox=\"allow-scripts\" security=\"restricted\" style=\"position: absolute; clip: rect(1px, 1px, 1px, 1px);\" title=\"\u00ab&lt;strong&gt;[Video] Violento robo a una mujer: delincuentes encapuchados se llevaron su camioneta&lt;\/strong&gt;\u00bb \u2014 Sector Prensa\" src=\"https:\/\/sectorprensa.com.ar\/2023\/07\/14\/video-violento-robo-a-una-mujer-delincuentes-encapuchados-se-llevaron-su-camioneta\/embed\/#?secret=WedyUk6Hi8#?secret=Eu1lnCASlx\" data-secret=\"Eu1lnCASlx\" width=\"600\" height=\"338\" frameborder=\"0\" marginwidth=\"0\" marginheight=\"0\" scrolling=\"no\"><\/iframe>\n<\/div><\/figure>\n\r\n","protected":false},"excerpt":{"rendered":"<p>El hecho comenz\u00f3 alrededor de las 23:30 del jueves y se prolong\u00f3 hasta las 4:30 de este viernes. Los presos<\/p>\n","protected":false},"author":1,"featured_media":55927,"comment_status":"closed","ping_status":"closed","sticky":false,"template":"","format":"video","meta":{"colormag_page_container_layout":"default_layout","colormag_page_sidebar_layout":"default_layout","footnotes":""},"categories":[4,6828,12],"tags":[7909,3089,2365,1908,473],"class_list":["post-55926","post","type-post","status-publish","format-video","has-post-thumbnail","hentry","category-ituzaingo","category-mas-destacadas","category-policiales","tag-comisaria-2","tag-motin","tag-presos","tag-rehenes","tag-san-alberto","post_format-post-format-video"],"_links":{"self":[{"href":"https:\/\/sectorprensa.com.ar\/index.php?rest_route=\/wp\/v2\/posts\/55926","targetHints":{"allow":["GET"]}}],"collection":[{"href":"https:\/\/sectorprensa.com.ar\/index.php?rest_route=\/wp\/v2\/posts"}],"about":[{"href":"https:\/\/sectorprensa.com.ar\/index.php?rest_route=\/wp\/v2\/types\/post"}],"author":[{"embeddable":true,"href":"https:\/\/sectorprensa.com.ar\/index.php?rest_route=\/wp\/v2\/users\/1"}],"replies":[{"embeddable":true,"href":"https:\/\/sectorprensa.com.ar\/index.php?rest_route=%2Fwp%2Fv2%2Fcomments&post=55926"}],"version-history":[{"count":1,"href":"https:\/\/sectorprensa.com.ar\/index.php?rest_route=\/wp\/v2\/posts\/55926\/revisions"}],"predecessor-version":[{"id":55928,"href":"https:\/\/sectorprensa.com.ar\/index.php?rest_route=\/wp\/v2\/posts\/55926\/revisions\/55928"}],"wp:featuredmedia":[{"embeddable":true,"href":"https:\/\/sectorprensa.com.ar\/index.php?rest_route=\/wp\/v2\/media\/55927"}],"wp:attachment":[{"href":"https:\/\/sectorprensa.com.ar\/index.php?rest_route=%2Fwp%2Fv2%2Fmedia&parent=55926"}],"wp:term":[{"taxonomy":"category","embeddable":true,"href":"https:\/\/sectorprensa.com.ar\/index.php?rest_route=%2Fwp%2Fv2%2Fcategories&post=55926"},{"taxonomy":"post_tag","embeddable":true,"href":"https:\/\/sectorprensa.com.ar\/index.php?rest_route=%2Fwp%2Fv2%2Ftags&post=55926"}],"curies":[{"name":"wp","href":"https:\/\/api.w.org\/{rel}","templated":true}]}}