{"id":56078,"date":"2023-07-20T01:27:49","date_gmt":"2023-07-20T04:27:49","guid":{"rendered":"https:\/\/sectorprensa.com.ar\/?p=56078"},"modified":"2023-07-20T01:27:53","modified_gmt":"2023-07-20T04:27:53","slug":"centro-espanol-se-despidio-de-la-copa-argentina","status":"publish","type":"post","link":"https:\/\/sectorprensa.com.ar\/?p=56078","title":{"rendered":"Centro Espa\u00f1ol se despidi\u00f3 de la Copa Argentina"},"content":{"rendered":"\n<h6 class=\"wp-block-heading\"><strong>El Gallego no pudo ante Defensa y Justicia y cay\u00f3 por 1 a 0, en la cancha de Gimnasia de La Plata, en el marco de los 16avos Y fue eliminado. Los dirigidos por Diego Herrero sufrieron una expulsi\u00f3n en el complemento.<\/strong><\/h6>\n\n\n\n<p>En el primer tiempo el desarrollo fue parejo, aunque Centro Espa\u00f1ol tuvo las situaciones m\u00e1s claras. El equipo de Villa Sarmiento intent\u00f3 generar peligro por las bandas, uno de sus laterales-volantes fue el primero en rematar al arco, Carlos Di Pietro, pero Enrique Bologna meti\u00f3 el manotazo. M\u00e1s tarde, luego de una presi\u00f3n, Jorge Rosas Quintero envi\u00f3 el centro desde la derecha para la aparici\u00f3n de Nahuel La Sala, su cabezazo se fue apenas por encima del travesa\u00f1o.<\/p>\n\n\n\n<p>En la etapa complementaria, el Gallego se fue defendiendo contra su arco y provocando que Defensa y Justicia ganar\u00e1 metros en el terreno de juego. El Halc\u00f3n de Varela comenz\u00f3 a dominar el encuentro y se puso en ventaja a los 23 minutos con el gol de Rodrigo Bogar\u00edn, el delantero la empuj\u00f3 luego de algunos rebotes.<\/p>\n\n\n\n<p>El panorama parec\u00eda complicarse para Centro, para colmo se qued\u00f3 con diez por la expulsi\u00f3n de Ezequiel Gayoso por doble amarilla, algo que protest\u00f3 la parcialidad del elenco de la Primera D, la cual no qued\u00f3 conforme con el arbitraje.<\/p>\n\n\n\n<p>En el \u00faltimo tramo del cotejo, el conjunto que dirige Diego Herrero cont\u00f3 con ocasiones para poder empatar. Primero con un remate que contuvo Bologna, luego un centro que no pudo conectar nadie en el \u00e1rea. El tiempo fue corriendo y la historia lleg\u00f3 a su fin en el Juan Carmelo Zerillo, en el Bosque de La Plata.<\/p>\n\n\n\n<p>La hist\u00f3rica participaci\u00f3n de Centro Espa\u00f1ol en la Copa Argentina, donde elimin\u00f3 a Tigre, tuvo punto final en los 16avos de final. Ahora deber\u00e1n poner el foco en el Segundo Torneo de la Primera D, se ubican segundo con 13 unidades, a dos del l\u00edder Argentino de Rosario, quien justamente es el pr\u00f3ximo rival.<\/p>\n\n\n\n<p><strong>FOTO: Prensa Copa Argentina<\/strong><\/p>\n\r\n","protected":false},"excerpt":{"rendered":"<p>El Gallego no pudo ante Defensa y Justicia y cay\u00f3 por 1 a 0, en la cancha de Gimnasia de<\/p>\n","protected":false},"author":5,"featured_media":56079,"comment_status":"closed","ping_status":"closed","sticky":false,"template":"","format":"standard","meta":{"colormag_page_container_layout":"default_layout","colormag_page_sidebar_layout":"default_layout","footnotes":""},"categories":[11],"tags":[744,396],"class_list":["post-56078","post","type-post","status-publish","format-standard","has-post-thumbnail","hentry","category-deportes","tag-centro-espanol","tag-copa-argentina"],"_links":{"self":[{"href":"https:\/\/sectorprensa.com.ar\/index.php?rest_route=\/wp\/v2\/posts\/56078","targetHints":{"allow":["GET"]}}],"collection":[{"href":"https:\/\/sectorprensa.com.ar\/index.php?rest_route=\/wp\/v2\/posts"}],"about":[{"href":"https:\/\/sectorprensa.com.ar\/index.php?rest_route=\/wp\/v2\/types\/post"}],"author":[{"embeddable":true,"href":"https:\/\/sectorprensa.com.ar\/index.php?rest_route=\/wp\/v2\/users\/5"}],"replies":[{"embeddable":true,"href":"https:\/\/sectorprensa.com.ar\/index.php?rest_route=%2Fwp%2Fv2%2Fcomments&post=56078"}],"version-history":[{"count":1,"href":"https:\/\/sectorprensa.com.ar\/index.php?rest_route=\/wp\/v2\/posts\/56078\/revisions"}],"predecessor-version":[{"id":56080,"href":"https:\/\/sectorprensa.com.ar\/index.php?rest_route=\/wp\/v2\/posts\/56078\/revisions\/56080"}],"wp:featuredmedia":[{"embeddable":true,"href":"https:\/\/sectorprensa.com.ar\/index.php?rest_route=\/wp\/v2\/media\/56079"}],"wp:attachment":[{"href":"https:\/\/sectorprensa.com.ar\/index.php?rest_route=%2Fwp%2Fv2%2Fmedia&parent=56078"}],"wp:term":[{"taxonomy":"category","embeddable":true,"href":"https:\/\/sectorprensa.com.ar\/index.php?rest_route=%2Fwp%2Fv2%2Fcategories&post=56078"},{"taxonomy":"post_tag","embeddable":true,"href":"https:\/\/sectorprensa.com.ar\/index.php?rest_route=%2Fwp%2Fv2%2Ftags&post=56078"}],"curies":[{"name":"wp","href":"https:\/\/api.w.org\/{rel}","templated":true}]}}