{"id":56267,"date":"2023-07-26T14:36:47","date_gmt":"2023-07-26T17:36:47","guid":{"rendered":"https:\/\/sectorprensa.com.ar\/?p=56267"},"modified":"2023-07-26T14:36:48","modified_gmt":"2023-07-26T17:36:48","slug":"marcha-de-antorchas-y-altar-popular-en-homenaje-a-evita","status":"publish","type":"post","link":"https:\/\/sectorprensa.com.ar\/?p=56267","title":{"rendered":"Marcha de antorchas y altar popular en homenaje a Evita"},"content":{"rendered":"\n<h6 class=\"wp-block-heading\"><strong>La movilizaci\u00f3n se llevar\u00e1 adelante este mi\u00e9rcoles por la tarde, en el marco del 71\u00b0 aniversario de su fallecimiento. \u00abDestacamos el significado que su figura tiene para nuestro pueblo\u00bb, se\u00f1al\u00f3 la Uni\u00f3n Civil del Personal de la Naci\u00f3n.<\/strong><\/h6>\n\n\n\n<p>La Uni\u00f3n Civil del Personal de la Naci\u00f3n realizar\u00e1 una marcha de antorchas y levantar\u00e1 un altar popular para homenajear a Eva Duarte de Per\u00f3n, en el marco del aniversario 71 de su fallecimiento.<\/p>\n\n\n\n<p>La organizaci\u00f3n se\u00f1al\u00f3 que \u00aben el aniversario del Paso a la Inmortalidad de nuestra querida compa\u00f1era Eva Duarte de Per\u00f3n, lxs trabajadores estatales organizados celebramos su vida y su obra; al tiempo que destacamos el significado que su figura tiene para nuestro Pueblo\u00bb.<\/p>\n\n\n\n<p>La jornada estar\u00e1 dividida en tres partes. Primero, habr\u00e1 una concentraci\u00f3n en Avenida Paseo Col\u00f3n 50, en la esquina de la sede original de la Fundaci\u00f3n Eva Per\u00f3n. Acto seguido, informaron que se conformar\u00e1n \u00abcolumnas\u00bb y \u00abla marcha de antorchas\u00bb.<\/p>\n\n\n\n<p>La movilizaci\u00f3n dar\u00e1 inicio a las 18:30hs, tendr\u00e1 como destinado el Ministerio de Desarrollo Social: \u00abCuando la movilizaci\u00f3n llegue al antiguo Ministerio de Obras P\u00fablicas, ya estar\u00e1 montado all\u00ed el Altar Popular dedicado a Eva. El mismo contar\u00e1 con varias referencias hist\u00f3ricas, lit\u00fargicas y representativas de la devoci\u00f3n popular por su gu\u00eda espiritual, y cada persona que se acerque podr\u00e1 dejar su propia ofrenda. A las 19:30 Hs. se proceder\u00e1 a encender las 71 velas, que resplandecer\u00e1n destacando al altar y su significado\u00bb, precisaron.<\/p>\n\n\n\n<p>\u00abSe invitar\u00e1 a pasar al escenario a los referentes sindicales y pol\u00edticos para que compartan sus reflexiones sobre el significado hist\u00f3rico y presente de nuestra abanderada de los humildes Eva Per\u00f3n, Evita\u00bb, concluyeron.<\/p>\n\n\n\n<figure class=\"wp-block-embed is-type-wp-embed is-provider-sector-prensa wp-block-embed-sector-prensa\"><div class=\"wp-block-embed__wrapper\">\n<blockquote class=\"wp-embedded-content\" data-secret=\"Xuoq8CrbwD\"><a href=\"https:\/\/sectorprensa.com.ar\/2023\/07\/25\/federico-pinedo-a-larreta-le-gusta-la-rosca-a-nosotros-la-conviccion\/\">Federico Pinedo: \u201cA Larreta le gusta la rosca, a nosotros la convicci\u00f3n\u201d<\/a><\/blockquote><iframe loading=\"lazy\" class=\"wp-embedded-content\" sandbox=\"allow-scripts\" security=\"restricted\" style=\"position: absolute; clip: rect(1px, 1px, 1px, 1px);\" title=\"\u00abFederico Pinedo: \u201cA Larreta le gusta la rosca, a nosotros la convicci\u00f3n\u201d\u00bb \u2014 Sector Prensa\" src=\"https:\/\/sectorprensa.com.ar\/2023\/07\/25\/federico-pinedo-a-larreta-le-gusta-la-rosca-a-nosotros-la-conviccion\/embed\/#?secret=rxaOGwlR8K#?secret=Xuoq8CrbwD\" data-secret=\"Xuoq8CrbwD\" width=\"600\" height=\"338\" frameborder=\"0\" marginwidth=\"0\" marginheight=\"0\" scrolling=\"no\"><\/iframe>\n<\/div><\/figure>\n\r\n","protected":false},"excerpt":{"rendered":"<p>La movilizaci\u00f3n se llevar\u00e1 adelante este mi\u00e9rcoles por la tarde, en el marco del 71\u00b0 aniversario de su fallecimiento. \u00abDestacamos<\/p>\n","protected":false},"author":5,"featured_media":56268,"comment_status":"closed","ping_status":"closed","sticky":false,"template":"","format":"standard","meta":{"colormag_page_container_layout":"default_layout","colormag_page_sidebar_layout":"default_layout","footnotes":""},"categories":[17,8],"tags":[7943,7942],"class_list":["post-56267","post","type-post","status-publish","format-standard","has-post-thumbnail","hentry","category-destacadas","category-politica","tag-eva-duarte-de-peron","tag-union-del-personal-civil-de-la-nacion"],"_links":{"self":[{"href":"https:\/\/sectorprensa.com.ar\/index.php?rest_route=\/wp\/v2\/posts\/56267","targetHints":{"allow":["GET"]}}],"collection":[{"href":"https:\/\/sectorprensa.com.ar\/index.php?rest_route=\/wp\/v2\/posts"}],"about":[{"href":"https:\/\/sectorprensa.com.ar\/index.php?rest_route=\/wp\/v2\/types\/post"}],"author":[{"embeddable":true,"href":"https:\/\/sectorprensa.com.ar\/index.php?rest_route=\/wp\/v2\/users\/5"}],"replies":[{"embeddable":true,"href":"https:\/\/sectorprensa.com.ar\/index.php?rest_route=%2Fwp%2Fv2%2Fcomments&post=56267"}],"version-history":[{"count":1,"href":"https:\/\/sectorprensa.com.ar\/index.php?rest_route=\/wp\/v2\/posts\/56267\/revisions"}],"predecessor-version":[{"id":56269,"href":"https:\/\/sectorprensa.com.ar\/index.php?rest_route=\/wp\/v2\/posts\/56267\/revisions\/56269"}],"wp:featuredmedia":[{"embeddable":true,"href":"https:\/\/sectorprensa.com.ar\/index.php?rest_route=\/wp\/v2\/media\/56268"}],"wp:attachment":[{"href":"https:\/\/sectorprensa.com.ar\/index.php?rest_route=%2Fwp%2Fv2%2Fmedia&parent=56267"}],"wp:term":[{"taxonomy":"category","embeddable":true,"href":"https:\/\/sectorprensa.com.ar\/index.php?rest_route=%2Fwp%2Fv2%2Fcategories&post=56267"},{"taxonomy":"post_tag","embeddable":true,"href":"https:\/\/sectorprensa.com.ar\/index.php?rest_route=%2Fwp%2Fv2%2Ftags&post=56267"}],"curies":[{"name":"wp","href":"https:\/\/api.w.org\/{rel}","templated":true}]}}