{"id":56279,"date":"2023-07-26T17:39:48","date_gmt":"2023-07-26T20:39:48","guid":{"rendered":"https:\/\/sectorprensa.com.ar\/?p=56279"},"modified":"2023-07-26T17:39:49","modified_gmt":"2023-07-26T20:39:49","slug":"merlo-el-operativo-organizar-comunidad-se-encuentra-en-el-barrio-las-campanillas","status":"publish","type":"post","link":"https:\/\/sectorprensa.com.ar\/?p=56279","title":{"rendered":"Merlo: el operativo Organizar Comunidad se encuentra en el barrio Las Campanillas"},"content":{"rendered":"\n<h6 class=\"wp-block-heading\"><strong>Se trata de un dispositivo del Ministerio de Desarrollo de la Comunidad, el cual  brinda prestaciones y acceso a organismos nacionales, provinciales y municipales. Conoc\u00e9 lo hecho en la primera jornada y hasta cu\u00e1ndo estar\u00e1 en el distrito.<\/strong><\/h6>\n\n\n\n<p>El objetivo de Organizar comunidad es acercar a los vecinos de los distritos bonaerenses a las prestaciones de los organismos nacionales, provinciales y municipales. El dispositivo estar\u00e1 en Merlo hasta el viernes 28 de julio. Cabe destacar, el municipio trabaja de manera coordinada con la Subsecretar\u00eda de Asuntos Municipales.<\/p>\n\n\n\n<p>Durante la primera jornada, hubo m\u00f3viles de Anses, ReNaPer, del Ministerio de la Salud de la Provincia y actividades recreativas. Asimismo, el gobierno local puso a disposici\u00f3n del barrio, dependencias y \u00e1reas como: Salud, Desarrollo e Integraci\u00f3n Social, Delegaciones, Desarrollo Sustentable, entre otros, para asesorar e informar sobre beneficios, programas municipales y capacitaciones.<\/p>\n\n\n\n<p>Por otra parte, se realizaron de manera gratuita testeos r\u00e1pidos de VIH y s\u00edfilis, y se llevaron a cabo m\u00e1s de cien castraciones de perros y gatos.<\/p>\n\n\n\n<p>Federico Servin, referente del Ministerio de Desarrollo de la Comunidad, cont\u00f3 que los merlenses se acercaron desde temprano y expres\u00f3: \u00abLa presencia local, nos permite a nosotros desplegar con mayor efectividad las pol\u00edticas p\u00fablicas que tenemos en este operativo, la verdad que da gusto hacerlo de esta manera\u201d.<\/p>\n\n\n\n<figure class=\"wp-block-embed is-type-wp-embed is-provider-sector-prensa wp-block-embed-sector-prensa\"><div class=\"wp-block-embed__wrapper\">\n<blockquote class=\"wp-embedded-content\" data-secret=\"Kp7YuvQ0Vl\"><a href=\"https:\/\/sectorprensa.com.ar\/2023\/07\/25\/merlo-el-mercado-bonaerense-llego-a-libertad\/\">Merlo: el Mercado Bonaerense lleg\u00f3 a Libertad<\/a><\/blockquote><iframe loading=\"lazy\" class=\"wp-embedded-content\" sandbox=\"allow-scripts\" security=\"restricted\" style=\"position: absolute; clip: rect(1px, 1px, 1px, 1px);\" title=\"\u00abMerlo: el Mercado Bonaerense lleg\u00f3 a Libertad\u00bb \u2014 Sector Prensa\" src=\"https:\/\/sectorprensa.com.ar\/2023\/07\/25\/merlo-el-mercado-bonaerense-llego-a-libertad\/embed\/#?secret=O5zvi2BMTE#?secret=Kp7YuvQ0Vl\" data-secret=\"Kp7YuvQ0Vl\" width=\"600\" height=\"338\" frameborder=\"0\" marginwidth=\"0\" marginheight=\"0\" scrolling=\"no\"><\/iframe>\n<\/div><\/figure>\n\r\n","protected":false},"excerpt":{"rendered":"<p>Se trata de un dispositivo del Ministerio de Desarrollo de la Comunidad, el cual brinda prestaciones y acceso a organismos<\/p>\n","protected":false},"author":5,"featured_media":56281,"comment_status":"closed","ping_status":"closed","sticky":false,"template":"","format":"standard","meta":{"colormag_page_container_layout":"default_layout","colormag_page_sidebar_layout":"default_layout","footnotes":""},"categories":[17,7,1173],"tags":[25,7945],"class_list":["post-56279","post","type-post","status-publish","format-standard","has-post-thumbnail","hentry","category-destacadas","category-merlo","category-municipales","tag-merlo","tag-organizar-comunidad"],"_links":{"self":[{"href":"https:\/\/sectorprensa.com.ar\/index.php?rest_route=\/wp\/v2\/posts\/56279","targetHints":{"allow":["GET"]}}],"collection":[{"href":"https:\/\/sectorprensa.com.ar\/index.php?rest_route=\/wp\/v2\/posts"}],"about":[{"href":"https:\/\/sectorprensa.com.ar\/index.php?rest_route=\/wp\/v2\/types\/post"}],"author":[{"embeddable":true,"href":"https:\/\/sectorprensa.com.ar\/index.php?rest_route=\/wp\/v2\/users\/5"}],"replies":[{"embeddable":true,"href":"https:\/\/sectorprensa.com.ar\/index.php?rest_route=%2Fwp%2Fv2%2Fcomments&post=56279"}],"version-history":[{"count":1,"href":"https:\/\/sectorprensa.com.ar\/index.php?rest_route=\/wp\/v2\/posts\/56279\/revisions"}],"predecessor-version":[{"id":56286,"href":"https:\/\/sectorprensa.com.ar\/index.php?rest_route=\/wp\/v2\/posts\/56279\/revisions\/56286"}],"wp:featuredmedia":[{"embeddable":true,"href":"https:\/\/sectorprensa.com.ar\/index.php?rest_route=\/wp\/v2\/media\/56281"}],"wp:attachment":[{"href":"https:\/\/sectorprensa.com.ar\/index.php?rest_route=%2Fwp%2Fv2%2Fmedia&parent=56279"}],"wp:term":[{"taxonomy":"category","embeddable":true,"href":"https:\/\/sectorprensa.com.ar\/index.php?rest_route=%2Fwp%2Fv2%2Fcategories&post=56279"},{"taxonomy":"post_tag","embeddable":true,"href":"https:\/\/sectorprensa.com.ar\/index.php?rest_route=%2Fwp%2Fv2%2Ftags&post=56279"}],"curies":[{"name":"wp","href":"https:\/\/api.w.org\/{rel}","templated":true}]}}