{"id":56280,"date":"2023-07-27T09:31:26","date_gmt":"2023-07-27T12:31:26","guid":{"rendered":"https:\/\/sectorprensa.com.ar\/?p=56280"},"modified":"2023-07-27T09:31:30","modified_gmt":"2023-07-27T12:31:30","slug":"se-nego-a-declarar-el-femicida-de-nancy-gotta-que-revelo-la-autopsia","status":"publish","type":"post","link":"https:\/\/sectorprensa.com.ar\/?p=56280","title":{"rendered":"Se neg\u00f3 a declarar el femicida de Nancy Gotta: qu\u00e9 revel\u00f3 la autopsia"},"content":{"rendered":"\n<h6 class=\"wp-block-heading\"><strong>La v\u00edctima muri\u00f3  a ra\u00edz de un shock hipovol\u00e9mico provocado por al menos 22 heridas de arma blanca en el rostro, la cabeza y el cuello. El agresor est\u00e1 detenido.<\/strong><\/h6>\n\n\n\n<p>La mujer que fue asesinada el martes en un complejo comercial de Parque Leloir, partido de Ituzaing\u00f3, recibi\u00f3 al menos 22 pu\u00f1aladas por parte de su expareja. El atacante, que ten\u00eda una restricci\u00f3n perimetral tras ser denunciado por violencia de g\u00e9nero, fue detenido acusado del femicidio pero se neg\u00f3 a declarar.<\/p>\n\n\n\n<p>De acuerdo al resultado preliminar de la autopsia, la v\u00edctima, identificada como Nancy Yanina L\u00f3pez Gotta, de 41 a\u00f1os, muri\u00f3 a ra\u00edz de un shock hipovol\u00e9mico provocado por al menos 22 heridas de arma blanca en el rostro, la cabeza y el cuello.<\/p>\n\n\n\n<p>El acusado del femicidio fue identificado como Jos\u00e9 Castillo Corval\u00e1n , de 37 a\u00f1os, quien tras el ataque intent\u00f3 quitarse la vida, se neg\u00f3 m\u00e1s tarde a declarar ante la fiscal de Instrucci\u00f3n 12 de Mor\u00f3n a cargo de la causa, Mar\u00eda Alejandra Bonini, pero contin\u00faa detenido en la sede de la Direcci\u00f3n Departamental de Investigaciones de Mor\u00f3n.<\/p>\n\n\n\n<p>La pareja se hab\u00eda separado hac\u00eda tres meses y que la mujer hab\u00eda denunciado cuatro veces por violencia de g\u00e9nero a Corval\u00e1n Castillo, motivo por el cual el Juzgado de Familia 8 de Mor\u00f3n le hab\u00eda dictado el 30 mayo pasado una medida de restricci\u00f3n de acercamiento.<\/p>\n\n\n\n<p>No obstante, el agresor segu\u00eda trabajando en el \u00e1rea de mantenimiento y limpieza de ese mismo predio.<\/p>\n\n\n\n<figure class=\"wp-block-embed is-type-wp-embed is-provider-sector-prensa wp-block-embed-sector-prensa\"><div class=\"wp-block-embed__wrapper\">\n<blockquote class=\"wp-embedded-content\" data-secret=\"WbwJOdTrU2\"><a href=\"https:\/\/sectorprensa.com.ar\/2023\/07\/25\/femicidio-en-ituzaingo-mato-a-punaladas-a-su-expareja-e-intento-suicidarse\/\">Femicidio en Ituzaing\u00f3: mat\u00f3 a pu\u00f1aladas a su expareja e intent\u00f3 suicidarse<\/a><\/blockquote><iframe loading=\"lazy\" class=\"wp-embedded-content\" sandbox=\"allow-scripts\" security=\"restricted\" style=\"position: absolute; clip: rect(1px, 1px, 1px, 1px);\" title=\"\u00abFemicidio en Ituzaing\u00f3: mat\u00f3 a pu\u00f1aladas a su expareja e intent\u00f3 suicidarse\u00bb \u2014 Sector Prensa\" src=\"https:\/\/sectorprensa.com.ar\/2023\/07\/25\/femicidio-en-ituzaingo-mato-a-punaladas-a-su-expareja-e-intento-suicidarse\/embed\/#?secret=rjgOXzlpC8#?secret=WbwJOdTrU2\" data-secret=\"WbwJOdTrU2\" width=\"600\" height=\"338\" frameborder=\"0\" marginwidth=\"0\" marginheight=\"0\" scrolling=\"no\"><\/iframe>\n<\/div><\/figure>\n\r\n","protected":false},"excerpt":{"rendered":"<p>La v\u00edctima muri\u00f3 a ra\u00edz de un shock hipovol\u00e9mico provocado por al menos 22 heridas de arma blanca en el<\/p>\n","protected":false},"author":6,"featured_media":56284,"comment_status":"closed","ping_status":"closed","sticky":false,"template":"","format":"standard","meta":{"colormag_page_container_layout":"default_layout","colormag_page_sidebar_layout":"default_layout","footnotes":""},"categories":[17,4,12],"tags":[570,667,49,583],"class_list":["post-56280","post","type-post","status-publish","format-standard","has-post-thumbnail","hentry","category-destacadas","category-ituzaingo","category-policiales","tag-detenido","tag-femicidio","tag-ituzaingo","tag-parque-leloir"],"_links":{"self":[{"href":"https:\/\/sectorprensa.com.ar\/index.php?rest_route=\/wp\/v2\/posts\/56280","targetHints":{"allow":["GET"]}}],"collection":[{"href":"https:\/\/sectorprensa.com.ar\/index.php?rest_route=\/wp\/v2\/posts"}],"about":[{"href":"https:\/\/sectorprensa.com.ar\/index.php?rest_route=\/wp\/v2\/types\/post"}],"author":[{"embeddable":true,"href":"https:\/\/sectorprensa.com.ar\/index.php?rest_route=\/wp\/v2\/users\/6"}],"replies":[{"embeddable":true,"href":"https:\/\/sectorprensa.com.ar\/index.php?rest_route=%2Fwp%2Fv2%2Fcomments&post=56280"}],"version-history":[{"count":1,"href":"https:\/\/sectorprensa.com.ar\/index.php?rest_route=\/wp\/v2\/posts\/56280\/revisions"}],"predecessor-version":[{"id":56283,"href":"https:\/\/sectorprensa.com.ar\/index.php?rest_route=\/wp\/v2\/posts\/56280\/revisions\/56283"}],"wp:featuredmedia":[{"embeddable":true,"href":"https:\/\/sectorprensa.com.ar\/index.php?rest_route=\/wp\/v2\/media\/56284"}],"wp:attachment":[{"href":"https:\/\/sectorprensa.com.ar\/index.php?rest_route=%2Fwp%2Fv2%2Fmedia&parent=56280"}],"wp:term":[{"taxonomy":"category","embeddable":true,"href":"https:\/\/sectorprensa.com.ar\/index.php?rest_route=%2Fwp%2Fv2%2Fcategories&post=56280"},{"taxonomy":"post_tag","embeddable":true,"href":"https:\/\/sectorprensa.com.ar\/index.php?rest_route=%2Fwp%2Fv2%2Ftags&post=56280"}],"curies":[{"name":"wp","href":"https:\/\/api.w.org\/{rel}","templated":true}]}}