{"id":56291,"date":"2023-07-26T23:49:49","date_gmt":"2023-07-27T02:49:49","guid":{"rendered":"https:\/\/sectorprensa.com.ar\/?p=56291"},"modified":"2023-07-26T23:54:57","modified_gmt":"2023-07-27T02:54:57","slug":"moreno-militantes-de-ecom-denunciaron-brutal-agresion-en-la-plaza-central-de-moreno","status":"publish","type":"post","link":"https:\/\/sectorprensa.com.ar\/?p=56291","title":{"rendered":"Moreno: militantes de ECOM denunciaron brutal agresi\u00f3n en la plaza central de Moreno"},"content":{"rendered":"\n<h6 class=\"wp-block-heading\"><strong>El hecho ayer por la ma\u00f1ana, los denunciantes aseguraron que los agresores fueron militantes de la Intendenta Mariel Fern\u00e1ndez. Entre las tres mujeres que fueron atacadas, se encontraba una joven embarazada.<\/strong><\/h6>\n\n\n\n<p>Este martes, en la plaza San Mart\u00edn de Moreno, tres mujeres militantes de ECOM denunciaron que recibieron agresiones por parte de seguidores de Mariel Fern\u00e1ndez, dejando a una mujer embarazada con riesgo de perder a su beb\u00e9. Pablo Etchegoyhen, precandidato a Intendente del espacio, desminti\u00f3 pertenecer a una facci\u00f3n del PJ y que la disputa sea por boletas. Adem\u00e1s, dio detalles de lo sucedido y asegur\u00f3 que la jefa comunal no se comunic\u00f3 con las familias de las personas agredidas.<\/p>\n\n\n\n<p>\u00abAyer a las 9 de la ma\u00f1ana me encuentro en un taller de oficio de los nuestros, en Cuartel Quinto, y un vecino me llama a los gritos. Hace un a\u00f1o y medio, antes de la campa\u00f1a, pon\u00edamos la mesa en el mismo lugar y jam\u00e1s tuvimos un altercado. Ayer a las 9:20hs viene una se\u00f1ora, nuestra mesa estaba llena de gente que buscaba su padr\u00f3n, y se cae con riesgo de lastimarse en la plaza San Mart\u00edn. Ir\u00f3nicamente, una de las chicas de nuestra mesa dice, en referencia a la frase de campa\u00f1a Mariel Fern\u00e1ndez, \u00b4nunca se hizo tanto\u00b4, se\u00f1ora. Lo dijo en modo risa para que la se\u00f1ora se r\u00eda. Y desde la otra mesa, que era la primera vez que estaba ah\u00ed, pusieron m\u00e1s de 25 personas ligadas al Movimiento Evita, a la gesti\u00f3n de Mariel Fern\u00e1ndez, empezaron con las chicanas. Cuando se fueron la se\u00f1ora y los vecinos, empiezan a insultar a las tres mujeres. Esa gente se levanta, y como se ve claro en los v\u00eddeos, insulta y le quiere pegar a una joven embarazada. Ah\u00ed, en manada le empiezan a pegar a una se\u00f1ora con un dedo fisurado, otra con tratamiento oncol\u00f3gico y a la mujer embarazada, quien tuvo p\u00e9rdidas durante la noche\u00bb, detall\u00f3 en Radio B\u00fanker 94.9, en \u00abEl Tanke de B\u00fanker\u00bb (lunes a viernes, de 10 a 13hs).<\/p>\n\n\n\n<p>\u00abEl embarazo de la chica est\u00e1 en riesgo. La Intendenta no llam\u00f3 a la familia de la chica, no se comunic\u00f3. Le robaron los anteojos que estaban en el piso, si esto no es alevos\u00eda. Hoy no es s\u00f3lo la vida de un beb\u00e9 que est\u00e1 en gestaci\u00f3n, hoy podr\u00edamos estar lamentando un Fernando, hoy podr\u00edamos estar llorando. La magnitud de lo que se vivi\u00f3 no es pol\u00edtica, ac\u00e1 hubo patoterimos, alevos\u00eda, y tenemos pruebas, hicimos la denuncia. Esto no es manera de hacer pol\u00edtica \u00bfQu\u00e9 ejemplo le damos al pueblo? \u00bfC\u00f3mo se predica?\u00bb, manifest\u00f3 con respecto al estado de la joven embarazada y se\u00f1al\u00f3 que no hubo llamado de la Intendenta de Moreno.<\/p>\n\n\n\n<p>Si bien no hubo una comunicaci\u00f3n de la jefa comunal, Etchegoyhen revel\u00f3 que recibi\u00f3 un llamado: \u00abEn la noche me llam\u00f3 el Secretario de Justicia, por si necesit\u00e1bamos un m\u00f3vil o medicaci\u00f3n para la justicia\u00bb. Sin embargo, reclam\u00f3 que \u00abla justicia debe tomar medidas y cartas en el asunto, esto no puede pasar en democracia\u00bb.<\/p>\n\n\n\n<p>Por otra parte, aclar\u00f3: \u00abMuchos medios mintieron diciendo que \u00e9ramos una facci\u00f3n de Mariel Fern\u00e1ndez. Como precandidato lo desmiento, nosotros no participamos en ninguna facci\u00f3n del Partido Justicialista\u00bb.<\/p>\n\n\n\n<figure class=\"wp-block-embed is-type-wp-embed is-provider-sector-prensa wp-block-embed-sector-prensa\"><div class=\"wp-block-embed__wrapper\">\n<blockquote class=\"wp-embedded-content\" data-secret=\"5P4wMmtdD7\"><a href=\"https:\/\/sectorprensa.com.ar\/2023\/07\/25\/el-estado-asistio-a-mas-de-mil-victimas-de-violencia-de-genero\/\">El Estado asisti\u00f3 a m\u00e1s de mil victimas de violencia de g\u00e9nero<\/a><\/blockquote><iframe loading=\"lazy\" class=\"wp-embedded-content\" sandbox=\"allow-scripts\" security=\"restricted\" style=\"position: absolute; clip: rect(1px, 1px, 1px, 1px);\" title=\"\u00abEl Estado asisti\u00f3 a m\u00e1s de mil victimas de violencia de g\u00e9nero\u00bb \u2014 Sector Prensa\" src=\"https:\/\/sectorprensa.com.ar\/2023\/07\/25\/el-estado-asistio-a-mas-de-mil-victimas-de-violencia-de-genero\/embed\/#?secret=hhsA36q1mz#?secret=5P4wMmtdD7\" data-secret=\"5P4wMmtdD7\" width=\"600\" height=\"338\" frameborder=\"0\" marginwidth=\"0\" marginheight=\"0\" scrolling=\"no\"><\/iframe>\n<\/div><\/figure>\n\r\n","protected":false},"excerpt":{"rendered":"<p>El hecho ayer por la ma\u00f1ana, los denunciantes aseguraron que los agresores fueron militantes de la Intendenta Mariel Fern\u00e1ndez. Entre<\/p>\n","protected":false},"author":5,"featured_media":56298,"comment_status":"closed","ping_status":"closed","sticky":false,"template":"","format":"standard","meta":{"colormag_page_container_layout":"default_layout","colormag_page_sidebar_layout":"default_layout","footnotes":""},"categories":[6828,2154,8],"tags":[7947,437,7946],"class_list":["post-56291","post","type-post","status-publish","format-standard","has-post-thumbnail","hentry","category-mas-destacadas","category-moreno","category-politica","tag-ecom","tag-moreno","tag-pablo-etchegoyhen"],"_links":{"self":[{"href":"https:\/\/sectorprensa.com.ar\/index.php?rest_route=\/wp\/v2\/posts\/56291","targetHints":{"allow":["GET"]}}],"collection":[{"href":"https:\/\/sectorprensa.com.ar\/index.php?rest_route=\/wp\/v2\/posts"}],"about":[{"href":"https:\/\/sectorprensa.com.ar\/index.php?rest_route=\/wp\/v2\/types\/post"}],"author":[{"embeddable":true,"href":"https:\/\/sectorprensa.com.ar\/index.php?rest_route=\/wp\/v2\/users\/5"}],"replies":[{"embeddable":true,"href":"https:\/\/sectorprensa.com.ar\/index.php?rest_route=%2Fwp%2Fv2%2Fcomments&post=56291"}],"version-history":[{"count":2,"href":"https:\/\/sectorprensa.com.ar\/index.php?rest_route=\/wp\/v2\/posts\/56291\/revisions"}],"predecessor-version":[{"id":56299,"href":"https:\/\/sectorprensa.com.ar\/index.php?rest_route=\/wp\/v2\/posts\/56291\/revisions\/56299"}],"wp:featuredmedia":[{"embeddable":true,"href":"https:\/\/sectorprensa.com.ar\/index.php?rest_route=\/wp\/v2\/media\/56298"}],"wp:attachment":[{"href":"https:\/\/sectorprensa.com.ar\/index.php?rest_route=%2Fwp%2Fv2%2Fmedia&parent=56291"}],"wp:term":[{"taxonomy":"category","embeddable":true,"href":"https:\/\/sectorprensa.com.ar\/index.php?rest_route=%2Fwp%2Fv2%2Fcategories&post=56291"},{"taxonomy":"post_tag","embeddable":true,"href":"https:\/\/sectorprensa.com.ar\/index.php?rest_route=%2Fwp%2Fv2%2Ftags&post=56291"}],"curies":[{"name":"wp","href":"https:\/\/api.w.org\/{rel}","templated":true}]}}