{"id":56293,"date":"2023-07-26T21:47:35","date_gmt":"2023-07-27T00:47:35","guid":{"rendered":"https:\/\/sectorprensa.com.ar\/?p=56293"},"modified":"2023-07-26T21:47:36","modified_gmt":"2023-07-27T00:47:36","slug":"el-gasoducto-nestor-kirchner-llevara-gas-al-amba","status":"publish","type":"post","link":"https:\/\/sectorprensa.com.ar\/?p=56293","title":{"rendered":"El gasoducto N\u00e9stor Kirchner llevar\u00e1 gas al AMBA"},"content":{"rendered":"\n<h6 class=\"wp-block-heading\"><strong>Se habilit\u00f3 la ampliaci\u00f3n que transportar\u00e1 cinco millones de metros c\u00fabicos al AMBA. El gas llegar\u00e1 desde una extensi\u00f3n del municipio de Bah\u00eda Blanca.<\/strong><\/h6>\n\n\n\n<p>Este martes se comunic\u00f3 la habilitaci\u00f3n para la extensi\u00f3n del gasoducto N\u00e9stor Kirchner al AMBA, lo que permite que se transporten un total de cinco millones de metros c\u00fabicos de gas. La empresa ENARSA fue la encargada de anunciar esta noticia.<\/p>\n\n\n\n<p>La obra contempla el loop del Neuba II (29 kil\u00f3metros) y la construcci\u00f3n del Gasoducto Mercedes-Cardales (80 kil\u00f3metros), consideradas las obras complementarias del gasoducto N\u00e9stor Kirchner.<\/p>\n\n\n\n<p>La extensi\u00f3n tiene su inicio en la Cuenca neuquina, pasar\u00e1 por el municipio de Bah\u00eda Blanca y, finalmente, llegar\u00e1 a la Ciudad de Buenos Aires. Vale remarcar, se necesitar\u00e1n un tendido de ca\u00f1os de 36 pulgadas, mientras que en paralelo unos 15 metros del troncal existente.<\/p>\n\n\n\n<p>Desde ENARSA, indicaron que contin\u00faa el llenado de Vaca Muerta, alcanz\u00f3 un 55%, y destacaron: \u201cEl llenado y presurizaci\u00f3n se est\u00e1 desarrollando dentro de los plazos previstos y usuales, teniendo en cuenta las condiciones de seguridad necesarias para llevar adelante este tipo de operaciones\u201d.<\/p>\n\n\n\n<figure class=\"wp-block-embed is-type-wp-embed is-provider-sector-prensa wp-block-embed-sector-prensa\"><div class=\"wp-block-embed__wrapper\">\n<blockquote class=\"wp-embedded-content\" data-secret=\"JJJpxIAACb\"><a href=\"https:\/\/sectorprensa.com.ar\/2023\/07\/24\/berni-en-la-provincia-hoy-el-principal-problema-en-materia-delictiva-son-los-menores-de-edad\/\">Berni: \u201cEn la Provincia hoy el principal problema en materia delictiva son los menores de edad\u201d<\/a><\/blockquote><iframe loading=\"lazy\" class=\"wp-embedded-content\" sandbox=\"allow-scripts\" security=\"restricted\" style=\"position: absolute; clip: rect(1px, 1px, 1px, 1px);\" title=\"\u00abBerni: \u201cEn la Provincia hoy el principal problema en materia delictiva son los menores de edad\u201d\u00bb \u2014 Sector Prensa\" src=\"https:\/\/sectorprensa.com.ar\/2023\/07\/24\/berni-en-la-provincia-hoy-el-principal-problema-en-materia-delictiva-son-los-menores-de-edad\/embed\/#?secret=U3klF4Uf2B#?secret=JJJpxIAACb\" data-secret=\"JJJpxIAACb\" width=\"600\" height=\"338\" frameborder=\"0\" marginwidth=\"0\" marginheight=\"0\" scrolling=\"no\"><\/iframe>\n<\/div><\/figure>\n\r\n","protected":false},"excerpt":{"rendered":"<p>Se habilit\u00f3 la ampliaci\u00f3n que transportar\u00e1 cinco millones de metros c\u00fabicos al AMBA. El gas llegar\u00e1 desde una extensi\u00f3n del<\/p>\n","protected":false},"author":5,"featured_media":56294,"comment_status":"closed","ping_status":"closed","sticky":false,"template":"","format":"standard","meta":{"colormag_page_container_layout":"default_layout","colormag_page_sidebar_layout":"default_layout","footnotes":""},"categories":[17,8],"tags":[2052,7388],"class_list":["post-56293","post","type-post","status-publish","format-standard","has-post-thumbnail","hentry","category-destacadas","category-politica","tag-amba","tag-gasoducto-nestor-kirchner"],"_links":{"self":[{"href":"https:\/\/sectorprensa.com.ar\/index.php?rest_route=\/wp\/v2\/posts\/56293","targetHints":{"allow":["GET"]}}],"collection":[{"href":"https:\/\/sectorprensa.com.ar\/index.php?rest_route=\/wp\/v2\/posts"}],"about":[{"href":"https:\/\/sectorprensa.com.ar\/index.php?rest_route=\/wp\/v2\/types\/post"}],"author":[{"embeddable":true,"href":"https:\/\/sectorprensa.com.ar\/index.php?rest_route=\/wp\/v2\/users\/5"}],"replies":[{"embeddable":true,"href":"https:\/\/sectorprensa.com.ar\/index.php?rest_route=%2Fwp%2Fv2%2Fcomments&post=56293"}],"version-history":[{"count":1,"href":"https:\/\/sectorprensa.com.ar\/index.php?rest_route=\/wp\/v2\/posts\/56293\/revisions"}],"predecessor-version":[{"id":56295,"href":"https:\/\/sectorprensa.com.ar\/index.php?rest_route=\/wp\/v2\/posts\/56293\/revisions\/56295"}],"wp:featuredmedia":[{"embeddable":true,"href":"https:\/\/sectorprensa.com.ar\/index.php?rest_route=\/wp\/v2\/media\/56294"}],"wp:attachment":[{"href":"https:\/\/sectorprensa.com.ar\/index.php?rest_route=%2Fwp%2Fv2%2Fmedia&parent=56293"}],"wp:term":[{"taxonomy":"category","embeddable":true,"href":"https:\/\/sectorprensa.com.ar\/index.php?rest_route=%2Fwp%2Fv2%2Fcategories&post=56293"},{"taxonomy":"post_tag","embeddable":true,"href":"https:\/\/sectorprensa.com.ar\/index.php?rest_route=%2Fwp%2Fv2%2Ftags&post=56293"}],"curies":[{"name":"wp","href":"https:\/\/api.w.org\/{rel}","templated":true}]}}