{"id":56340,"date":"2023-07-28T15:28:20","date_gmt":"2023-07-28T18:28:20","guid":{"rendered":"https:\/\/sectorprensa.com.ar\/?p=56340"},"modified":"2023-07-28T15:28:21","modified_gmt":"2023-07-28T18:28:21","slug":"a-partir-de-febrero-de-2024-los-colectivos-que-no-tengan-camaras-de-seguridad-no-pasaran-la-vtv","status":"publish","type":"post","link":"https:\/\/sectorprensa.com.ar\/?p=56340","title":{"rendered":"A partir de febrero de 2024, los colectivos que no tengan c\u00e1maras de seguridad no pasar\u00e1n la VTV"},"content":{"rendered":"\n<h6 class=\"wp-block-heading\"><strong>Adem\u00e1s, desde este viernes, las empresas que prestan servicio de movilidad p\u00fablico tienen 30 d\u00edas h\u00e1biles para darse de alta en el sistema de monitoreo.<\/strong><\/h6>\n\n\n\n<p>En las \u00faltimas horas, el ministro de Transporte de la provincia de Buenos Aires, Jorge D\u2019Onofrio, firm\u00f3 la Resoluci\u00f3n 194\/23 que establece que, desde este viernes, las empresas que prestan servicio de movilidad p\u00fablico tienen 30 d\u00edas h\u00e1biles para darse de alta en el sistema de monitoreo que se puso en marcha luego del tr\u00e1gico asesinado del chofer de colectivos, Daniel Barrientos.<\/p>\n\n\n\n<p>En este sentido, la resoluci\u00f3n explicita que, a partir del 1\u00b0 de febrero del 2024, cuando la norma empiece a regir con todo su peso, aquellos colectivos que no tengan las c\u00e1maras de seguridad correspondientes, no pasar\u00e1n la Verificaci\u00f3n T\u00e9cnica Vehicular (VTV).<\/p>\n\n\n\n<p>Asimismo, los colectivos de las empresas de transporte p\u00fablico que tengan c\u00e1maras de seguridad con defectos o ausencia en la convergencia de sus se\u00f1ales de monitoreo, pasar\u00e1n la VTV de manera condicional con 60 d\u00edas para corregir el conflicto, de lo contrario, se les quitar\u00e1 la licencia de circulaci\u00f3n hasta que todo est\u00e9 en regla.<\/p>\n\n\n\n<p>Finalmente, la cartera a cargo de D\u2019Onofrio tambi\u00e9n decidi\u00f3 que desde el 1\u00b0 de febrero de 2024 todos los veh\u00edculos que ingresen al sistema provincial de transporte urbano e interurbano de media distancia ya deber\u00e1n tener las c\u00e1maras y el sistema de monitoreo correspondiente, en caso contrario, no ser\u00e1n habilitados por las autoridades ministeriales.<\/p>\n\n\n\n<p>La Ley provincial 14.897 sancionada en el 2017 que hab\u00eda establecido la obligatoriedad de instalar c\u00e1maras de seguridad en los colectivos, pero nunca se hab\u00eda avanzado, tom\u00f3 un rol central en la provincia de Buenos Aires tras el crimen del colectivero Daniel Barrientos.<\/p>\n\n\n\n<figure class=\"wp-block-embed is-type-wp-embed is-provider-sector-prensa wp-block-embed-sector-prensa\"><div class=\"wp-block-embed__wrapper\">\n<blockquote class=\"wp-embedded-content\" data-secret=\"Z5BlXVp62s\"><a href=\"https:\/\/sectorprensa.com.ar\/2023\/05\/24\/provincia-el-gobierno-bonaerense-ira-a-la-justicia-si-las-empresas-de-colectivos-no-instalan-las-camaras\/\">Provincia: el gobierno bonaerense ir\u00e1 a la justicia si las empresas de colectivos no instalan las c\u00e1maras<\/a><\/blockquote><iframe loading=\"lazy\" class=\"wp-embedded-content\" sandbox=\"allow-scripts\" security=\"restricted\" style=\"position: absolute; clip: rect(1px, 1px, 1px, 1px);\" title=\"\u00abProvincia: el gobierno bonaerense ir\u00e1 a la justicia si las empresas de colectivos no instalan las c\u00e1maras\u00bb \u2014 Sector Prensa\" src=\"https:\/\/sectorprensa.com.ar\/2023\/05\/24\/provincia-el-gobierno-bonaerense-ira-a-la-justicia-si-las-empresas-de-colectivos-no-instalan-las-camaras\/embed\/#?secret=SdNkqqrCYh#?secret=Z5BlXVp62s\" data-secret=\"Z5BlXVp62s\" width=\"600\" height=\"338\" frameborder=\"0\" marginwidth=\"0\" marginheight=\"0\" scrolling=\"no\"><\/iframe>\n<\/div><\/figure>\n\r\n","protected":false},"excerpt":{"rendered":"<p>Adem\u00e1s, desde este viernes, las empresas que prestan servicio de movilidad p\u00fablico tienen 30 d\u00edas h\u00e1biles para darse de alta<\/p>\n","protected":false},"author":6,"featured_media":56341,"comment_status":"closed","ping_status":"closed","sticky":false,"template":"","format":"standard","meta":{"colormag_page_container_layout":"default_layout","colormag_page_sidebar_layout":"default_layout","footnotes":""},"categories":[17,18,10],"tags":[630,35,5965,1115,6009],"class_list":["post-56340","post","type-post","status-publish","format-standard","has-post-thumbnail","hentry","category-destacadas","category-provincia","category-sociedad","tag-camaras-de-seguridad","tag-colectivos","tag-jorge-donofrio","tag-ministerio-de-transporte","tag-vtv"],"_links":{"self":[{"href":"https:\/\/sectorprensa.com.ar\/index.php?rest_route=\/wp\/v2\/posts\/56340","targetHints":{"allow":["GET"]}}],"collection":[{"href":"https:\/\/sectorprensa.com.ar\/index.php?rest_route=\/wp\/v2\/posts"}],"about":[{"href":"https:\/\/sectorprensa.com.ar\/index.php?rest_route=\/wp\/v2\/types\/post"}],"author":[{"embeddable":true,"href":"https:\/\/sectorprensa.com.ar\/index.php?rest_route=\/wp\/v2\/users\/6"}],"replies":[{"embeddable":true,"href":"https:\/\/sectorprensa.com.ar\/index.php?rest_route=%2Fwp%2Fv2%2Fcomments&post=56340"}],"version-history":[{"count":1,"href":"https:\/\/sectorprensa.com.ar\/index.php?rest_route=\/wp\/v2\/posts\/56340\/revisions"}],"predecessor-version":[{"id":56342,"href":"https:\/\/sectorprensa.com.ar\/index.php?rest_route=\/wp\/v2\/posts\/56340\/revisions\/56342"}],"wp:featuredmedia":[{"embeddable":true,"href":"https:\/\/sectorprensa.com.ar\/index.php?rest_route=\/wp\/v2\/media\/56341"}],"wp:attachment":[{"href":"https:\/\/sectorprensa.com.ar\/index.php?rest_route=%2Fwp%2Fv2%2Fmedia&parent=56340"}],"wp:term":[{"taxonomy":"category","embeddable":true,"href":"https:\/\/sectorprensa.com.ar\/index.php?rest_route=%2Fwp%2Fv2%2Fcategories&post=56340"},{"taxonomy":"post_tag","embeddable":true,"href":"https:\/\/sectorprensa.com.ar\/index.php?rest_route=%2Fwp%2Fv2%2Ftags&post=56340"}],"curies":[{"name":"wp","href":"https:\/\/api.w.org\/{rel}","templated":true}]}}