{"id":56405,"date":"2023-07-31T11:44:04","date_gmt":"2023-07-31T14:44:04","guid":{"rendered":"https:\/\/sectorprensa.com.ar\/?p=56405"},"modified":"2023-07-31T11:44:06","modified_gmt":"2023-07-31T14:44:06","slug":"merlo-encuentro-de-mujeres-y-diverisdades","status":"publish","type":"post","link":"https:\/\/sectorprensa.com.ar\/?p=56405","title":{"rendered":"Merlo: encuentro de mujeres y diverisdades"},"content":{"rendered":"\n<h6 class=\"wp-block-heading\"><strong>La jornada se llev\u00f3 a cabo en El Remanso, predio de Deportivo Merlo. En la misma participaron autoridades nacionales, provinciales y municipales.<\/strong><\/h6>\n\n\n\n<p>Con la cuenta regresiva para las PASO 2023, la Intendenta Karina Men\u00e9ndez y Gustavo Men\u00e9ndez, precandidato a mandatario local y Presidente del Grupo Provincia, encabezaron el encuentro de mujeres y diversidades en El Remanso ante miles de personas. Estuvieron presentes Sergio Massa (Ministro de Econom\u00eda y precandidato a Presidente), Axel Kicillof (Gobernador bonaerense), Ver\u00f3nica Magario (Vicegobernadora), Juliana Di Tullio (Senadora) y Roxana Monz\u00f3n (Secretaria de Desarrollo Econ\u00f3mico Sustentable).<\/p>\n\n\n\n<p>La jefa comunal enfatiz\u00f3 en las mujeres que participaron en las comisiones de debate y reflexi\u00f3n, mientras que Gustavo Men\u00e9ndez le pidi\u00f3 a los militantes que conf\u00eden en los candidatos que ofrece Uni\u00f3n por la Patria.<\/p>\n\n\n\n<p>\u00abLa mujer empoderada es la que se levanta para luchar por algo mejor y sacar adelante a su familia, la que sabe que es importante que sus hijos estudien\u00bb\u00bb, sostuvo Monz\u00f3n.<\/p>\n\n\n\n<p>Luego, Di Tullio destac\u00f3 el papel de la mujer en el 2019 y expres\u00f3: \u00abQuiero agradecerles porque en 2019 las mujeres pusimos el cuerpo para que el Peronismo volviera a ganar y lo vamos a volver a hacer, porque somos las hijas y nietas de las madres y abuelas de Plaza de Mayo, y tambi\u00e9n de Cristina Fern\u00e1ndez de Kirchner, que puso todo por la Patria\u00bb.<\/p>\n\n\n\n<p>Por \u00faltimo, Magario manifest\u00f3 que \u00abnos rompemos el lomo\u00bb por el bienestar de los ciudadanos y asegur\u00f3 que \u00abla Patria est\u00e1 en peligro; no queremos dejar el destino de este pa\u00eds en manos del macrismo, ll\u00e1mese Bullrich, Larreta o Milei\u00bb.<\/p>\n\n\n\n<p>Otras presencias en el evento fueron Cecilia Moreau (Presidenta de la C\u00e1mara de Diputados), \u00abWado\u00bb De Pedro (Ministro del Interior), Mariel Fern\u00e1ndez (Intendenta de Moreno), Estela D\u00edaz (Ministra de Mujeres, Pol\u00edticas de G\u00e9nero y Diversidad Sexual de la Provincia de Buenos Aires), Cristina \u00c1lvarez Rodr\u00edguez (Ministra de Gobierno bonaerense) y Malena Galmarini.<\/p>\n\n\n\n<figure class=\"wp-block-embed is-type-wp-embed is-provider-sector-prensa wp-block-embed-sector-prensa\"><div class=\"wp-block-embed__wrapper\">\n<blockquote class=\"wp-embedded-content\" data-secret=\"66kH0RcwrB\"><a href=\"https:\/\/sectorprensa.com.ar\/2023\/07\/29\/merlo-los-empleados-municipales-recibieron-un-aumento-salarial\/\">Merlo: los empleados municipales recibir\u00e1n un aumento salarial<\/a><\/blockquote><iframe loading=\"lazy\" class=\"wp-embedded-content\" sandbox=\"allow-scripts\" security=\"restricted\" style=\"position: absolute; clip: rect(1px, 1px, 1px, 1px);\" title=\"\u00abMerlo: los empleados municipales recibir\u00e1n un aumento salarial\u00bb \u2014 Sector Prensa\" src=\"https:\/\/sectorprensa.com.ar\/2023\/07\/29\/merlo-los-empleados-municipales-recibieron-un-aumento-salarial\/embed\/#?secret=cVJLtCPKh1#?secret=66kH0RcwrB\" data-secret=\"66kH0RcwrB\" width=\"600\" height=\"338\" frameborder=\"0\" marginwidth=\"0\" marginheight=\"0\" scrolling=\"no\"><\/iframe>\n<\/div><\/figure>\n\r\n","protected":false},"excerpt":{"rendered":"<p>La jornada se llev\u00f3 a cabo en El Remanso, predio de Deportivo Merlo. En la misma participaron autoridades nacionales, provinciales<\/p>\n","protected":false},"author":5,"featured_media":56406,"comment_status":"closed","ping_status":"closed","sticky":false,"template":"","format":"standard","meta":{"colormag_page_container_layout":"default_layout","colormag_page_sidebar_layout":"default_layout","footnotes":""},"categories":[17,7,1173,8],"tags":[7962,2665,25],"class_list":["post-56405","post","type-post","status-publish","format-standard","has-post-thumbnail","hentry","category-destacadas","category-merlo","category-municipales","category-politica","tag-encuentro-de-mujeres-y-diversidades","tag-gustavo-menendez-2","tag-merlo"],"_links":{"self":[{"href":"https:\/\/sectorprensa.com.ar\/index.php?rest_route=\/wp\/v2\/posts\/56405","targetHints":{"allow":["GET"]}}],"collection":[{"href":"https:\/\/sectorprensa.com.ar\/index.php?rest_route=\/wp\/v2\/posts"}],"about":[{"href":"https:\/\/sectorprensa.com.ar\/index.php?rest_route=\/wp\/v2\/types\/post"}],"author":[{"embeddable":true,"href":"https:\/\/sectorprensa.com.ar\/index.php?rest_route=\/wp\/v2\/users\/5"}],"replies":[{"embeddable":true,"href":"https:\/\/sectorprensa.com.ar\/index.php?rest_route=%2Fwp%2Fv2%2Fcomments&post=56405"}],"version-history":[{"count":1,"href":"https:\/\/sectorprensa.com.ar\/index.php?rest_route=\/wp\/v2\/posts\/56405\/revisions"}],"predecessor-version":[{"id":56407,"href":"https:\/\/sectorprensa.com.ar\/index.php?rest_route=\/wp\/v2\/posts\/56405\/revisions\/56407"}],"wp:featuredmedia":[{"embeddable":true,"href":"https:\/\/sectorprensa.com.ar\/index.php?rest_route=\/wp\/v2\/media\/56406"}],"wp:attachment":[{"href":"https:\/\/sectorprensa.com.ar\/index.php?rest_route=%2Fwp%2Fv2%2Fmedia&parent=56405"}],"wp:term":[{"taxonomy":"category","embeddable":true,"href":"https:\/\/sectorprensa.com.ar\/index.php?rest_route=%2Fwp%2Fv2%2Fcategories&post=56405"},{"taxonomy":"post_tag","embeddable":true,"href":"https:\/\/sectorprensa.com.ar\/index.php?rest_route=%2Fwp%2Fv2%2Ftags&post=56405"}],"curies":[{"name":"wp","href":"https:\/\/api.w.org\/{rel}","templated":true}]}}