{"id":56420,"date":"2023-07-31T21:34:54","date_gmt":"2023-08-01T00:34:54","guid":{"rendered":"https:\/\/sectorprensa.com.ar\/?p=56420"},"modified":"2023-07-31T21:34:55","modified_gmt":"2023-08-01T00:34:55","slug":"centro-espanol-recibio-un-duro-golpe-que-le-quito-la-punta-del-campeonato","status":"publish","type":"post","link":"https:\/\/sectorprensa.com.ar\/?p=56420","title":{"rendered":"Centro Espa\u00f1ol recibi\u00f3 un duro golpe que le quit\u00f3 la punta del campeonato"},"content":{"rendered":"\n<h6 class=\"wp-block-heading\"><strong>El Gallego fue goleado por Mercedes 4 a 1 en condici\u00f3n de local y qued\u00f3 como escolta de Argentino de Rosario. De esta manera, el equipo de Diego Herrero ve finalizada su racha positiva.<\/strong><\/h6>\n\n\n\n<p>Centro Espa\u00f1ol sufri\u00f3 una derrota dura e inesperada. En el Carlos Alberto Sacaan, cay\u00f3 ante Club Mercedes por 4 a 1 en el duelo correspondiente a la novena jornada del Segundo Torneo de la Primera D. As\u00ed, se despidi\u00f3 del primer lugar en la tabla.<\/p>\n\n\n\n<p>En el primer tiempo, la visita sorprendi\u00f3 en el inicio, Es que cuando se disputaban tan s\u00f3lo dos minutos, Ignacio Rodr\u00edguez convirti\u00f3 el primer gol. El Gallego se iba al entretiempo con una derrota por la m\u00ednima.<\/p>\n\n\n\n<p>Los segundos 45 minutos fueron una pesadilla para los dirigidos por Diego Herrero, ya que el elenco mercedino estir\u00f3 la diferencia por medio de Rodr\u00edguez -3\u00b4-, Alexis Gresziak -11\u00b4- y Mat\u00edas L\u00f3pez -16\u00b4-. El due\u00f1o de casa descont\u00f3 a trav\u00e9s de Mart\u00edn Ruiz en 29\u00b4, pero s\u00f3lo sirvi\u00f3 para achicar un poco la distancia.<\/p>\n\n\n\n<p>Centro volvi\u00f3 a caer en este certamen luego de cuatro partidos. Con este resultado deja de ser el puntero y ocupa el segundo lugar con 16 unidades, a dos de Argentino de Rosario. En la pr\u00f3xima fecha, visitar\u00e1 a Central Ballester.<\/p>\n\r\n","protected":false},"excerpt":{"rendered":"<p>El Gallego fue goleado por Mercedes 4 a 1 en condici\u00f3n de local y qued\u00f3 como escolta de Argentino de<\/p>\n","protected":false},"author":5,"featured_media":56421,"comment_status":"closed","ping_status":"closed","sticky":false,"template":"","format":"standard","meta":{"colormag_page_container_layout":"default_layout","colormag_page_sidebar_layout":"default_layout","footnotes":""},"categories":[11],"tags":[744,175],"class_list":["post-56420","post","type-post","status-publish","format-standard","has-post-thumbnail","hentry","category-deportes","tag-centro-espanol","tag-primera-d"],"_links":{"self":[{"href":"https:\/\/sectorprensa.com.ar\/index.php?rest_route=\/wp\/v2\/posts\/56420","targetHints":{"allow":["GET"]}}],"collection":[{"href":"https:\/\/sectorprensa.com.ar\/index.php?rest_route=\/wp\/v2\/posts"}],"about":[{"href":"https:\/\/sectorprensa.com.ar\/index.php?rest_route=\/wp\/v2\/types\/post"}],"author":[{"embeddable":true,"href":"https:\/\/sectorprensa.com.ar\/index.php?rest_route=\/wp\/v2\/users\/5"}],"replies":[{"embeddable":true,"href":"https:\/\/sectorprensa.com.ar\/index.php?rest_route=%2Fwp%2Fv2%2Fcomments&post=56420"}],"version-history":[{"count":1,"href":"https:\/\/sectorprensa.com.ar\/index.php?rest_route=\/wp\/v2\/posts\/56420\/revisions"}],"predecessor-version":[{"id":56425,"href":"https:\/\/sectorprensa.com.ar\/index.php?rest_route=\/wp\/v2\/posts\/56420\/revisions\/56425"}],"wp:featuredmedia":[{"embeddable":true,"href":"https:\/\/sectorprensa.com.ar\/index.php?rest_route=\/wp\/v2\/media\/56421"}],"wp:attachment":[{"href":"https:\/\/sectorprensa.com.ar\/index.php?rest_route=%2Fwp%2Fv2%2Fmedia&parent=56420"}],"wp:term":[{"taxonomy":"category","embeddable":true,"href":"https:\/\/sectorprensa.com.ar\/index.php?rest_route=%2Fwp%2Fv2%2Fcategories&post=56420"},{"taxonomy":"post_tag","embeddable":true,"href":"https:\/\/sectorprensa.com.ar\/index.php?rest_route=%2Fwp%2Fv2%2Ftags&post=56420"}],"curies":[{"name":"wp","href":"https:\/\/api.w.org\/{rel}","templated":true}]}}