{"id":56426,"date":"2023-07-31T21:59:02","date_gmt":"2023-08-01T00:59:02","guid":{"rendered":"https:\/\/sectorprensa.com.ar\/?p=56426"},"modified":"2023-07-31T21:59:05","modified_gmt":"2023-08-01T00:59:05","slug":"midland-volvio-a-caer-2","status":"publish","type":"post","link":"https:\/\/sectorprensa.com.ar\/?p=56426","title":{"rendered":"Midland volvi\u00f3 a caer"},"content":{"rendered":"\n<h6 class=\"wp-block-heading\"><strong>El Funebrero cay\u00f3 en Libertad ante General Lamadrid por 2 a 1 y sigue sin levantar cabeza. Nuevamente los dirigidos por Marcelo Franchini estuvieron en ventaja y no pudieron aguantar el resultado.<\/strong><\/h6>\n\n\n\n<p>Otra derrota para un Midland que no levanta cabeza. En el marco de la fecha 29 de la Primera C, cay\u00f3 ante General Lamadrid por 2 a 1 en el Estadio Ciudad de Libertad y lleva cuatro partidos sin sumar de a tres.<\/p>\n\n\n\n<p>Todas las emociones llegaron en la etapa complementaria, en un r\u00e1faga de cuatro minutos. A los 29\u00b4 el Funebrero comenz\u00f3 arriba con el tanto de Agust\u00edn Su\u00e1rez, pero el elenco de Devoto igual\u00f3 a trav\u00e9s de Claudio Compostrini en 31\u00b4. Y a los 33\u00b4, la visita se llev\u00f3 el triunfo gracias a Alejandro \u00c1valos.<\/p>\n\n\n\n<p>El conjunto de Libertad lleva cuatro partidos sin victorias, tres derrotas y un empate. En la tabla se ubica quinto con 45 unidades, a dos de los puestos de ascenso directo y trece del puntero. En la pr\u00f3xima jornada, visitar\u00e1 a J. J. Urquiza.<\/p>\n\n\n\n<p><strong>FOTO: Prensa Midland<\/strong><\/p>\n\r\n","protected":false},"excerpt":{"rendered":"<p>El Funebrero cay\u00f3 en Libertad ante General Lamadrid por 2 a 1 y sigue sin levantar cabeza. Nuevamente los dirigidos<\/p>\n","protected":false},"author":5,"featured_media":56427,"comment_status":"closed","ping_status":"closed","sticky":false,"template":"","format":"standard","meta":{"colormag_page_container_layout":"default_layout","colormag_page_sidebar_layout":"default_layout","footnotes":""},"categories":[11],"tags":[89,91],"class_list":["post-56426","post","type-post","status-publish","format-standard","has-post-thumbnail","hentry","category-deportes","tag-midland","tag-primera-c"],"_links":{"self":[{"href":"https:\/\/sectorprensa.com.ar\/index.php?rest_route=\/wp\/v2\/posts\/56426","targetHints":{"allow":["GET"]}}],"collection":[{"href":"https:\/\/sectorprensa.com.ar\/index.php?rest_route=\/wp\/v2\/posts"}],"about":[{"href":"https:\/\/sectorprensa.com.ar\/index.php?rest_route=\/wp\/v2\/types\/post"}],"author":[{"embeddable":true,"href":"https:\/\/sectorprensa.com.ar\/index.php?rest_route=\/wp\/v2\/users\/5"}],"replies":[{"embeddable":true,"href":"https:\/\/sectorprensa.com.ar\/index.php?rest_route=%2Fwp%2Fv2%2Fcomments&post=56426"}],"version-history":[{"count":1,"href":"https:\/\/sectorprensa.com.ar\/index.php?rest_route=\/wp\/v2\/posts\/56426\/revisions"}],"predecessor-version":[{"id":56428,"href":"https:\/\/sectorprensa.com.ar\/index.php?rest_route=\/wp\/v2\/posts\/56426\/revisions\/56428"}],"wp:featuredmedia":[{"embeddable":true,"href":"https:\/\/sectorprensa.com.ar\/index.php?rest_route=\/wp\/v2\/media\/56427"}],"wp:attachment":[{"href":"https:\/\/sectorprensa.com.ar\/index.php?rest_route=%2Fwp%2Fv2%2Fmedia&parent=56426"}],"wp:term":[{"taxonomy":"category","embeddable":true,"href":"https:\/\/sectorprensa.com.ar\/index.php?rest_route=%2Fwp%2Fv2%2Fcategories&post=56426"},{"taxonomy":"post_tag","embeddable":true,"href":"https:\/\/sectorprensa.com.ar\/index.php?rest_route=%2Fwp%2Fv2%2Ftags&post=56426"}],"curies":[{"name":"wp","href":"https:\/\/api.w.org\/{rel}","templated":true}]}}