{"id":56520,"date":"2023-08-03T16:13:17","date_gmt":"2023-08-03T19:13:17","guid":{"rendered":"https:\/\/sectorprensa.com.ar\/?p=56520"},"modified":"2023-08-03T16:13:18","modified_gmt":"2023-08-03T19:13:18","slug":"en-ningun-momento-cuestione-a-vidal-por-apoyar-a-larreta","status":"publish","type":"post","link":"https:\/\/sectorprensa.com.ar\/?p=56520","title":{"rendered":"\u00abEn ning\u00fan momento cuestion\u00e9 a Vidal por apoyar a Larreta\u00bb"},"content":{"rendered":"\n<h6 class=\"wp-block-heading\"><strong>El ex Presidente Mauricio Macri expres\u00f3 en sus redes sociales que \u00abcada uno es due\u00f1o de sus decisiones\u00bb y \u00abno deben ser cuestionadas\u00bb. En di\u00e1logo con la prensa, hab\u00eda opinado que la ex Gobernador bonaerense \u00abhab\u00eda desdibujado su perfil\u00bb.<\/strong><\/h6>\n\n\n\n<p>Mauricio Macri realiz\u00f3 una recorrida por el municipio de San Nicol\u00e1s, donde fue consultado por la prensa acerca del apoyo p\u00fablico de Mar\u00eda Eugenia Vidal a Horacio Rodr\u00edguez Larreta. El ex Presidente, encendi\u00f3 la interna dentro de Juntos por el Cambio al declarar que \u00ablamentablemente siento que Mar\u00eda Eugenia ha tomado varias decisiones sucesivas en las cuales ha desdibujado su perfil\u00bb. Luego, Cristian Ritondo se sum\u00f3 a las cr\u00edticas y expres\u00f3 que sinti\u00f3 \u00abdecepci\u00f3n\u00bb.<\/p>\n\n\n\n<p>Las declaraciones generaron revuelo y la ex Gobernadora bonaerense, en una entrevista con La Naci\u00f3n+, explic\u00f3: \u00abQuiero expresar mi voto en libertad. Valoro la experiencia de Horacio, es importante haber gobernado a millones. Respeto mucho a Patricia, se ha ganado el espacio en Juntos por el Cambio, que elija a Horacio no va en detrimento de Patricia, sino de tener la libertad de decir por qui\u00e9n voto\u00bb.<\/p>\n\n\n\n<p>En las \u00faltimas horas, Macri, mediante su cuenta de Twitter, intent\u00f3 aclarar la situaci\u00f3n: \u00abQuiero dejar en claro que en ning\u00fan momento cuestion\u00e9 a Mar\u00eda Eugenia por su decisi\u00f3n de apoyar p\u00fablicamente a Horacio. Mi posici\u00f3n hist\u00f3ricamente siempre fue la misma, cada uno es due\u00f1o de sus decisiones y estas no deben ser cuestionadas. De esa libertad surge tambi\u00e9n la responsabilidad individual. \u00bfQu\u00e9 m\u00e9rito o culpa tendr\u00eda alguien si no puede hacer lo que quiere o decir lo que piensa?\u00bb, public\u00f3.<\/p>\n\n\n\n<p>\u00abYo creo en eso, para bien o para mal todos debemos ser autores de nuestro destino. Por otro lado, tambi\u00e9n entiendo el desencanto de Cristian Ritondo, que sinti\u00f3 que no se hab\u00eda cumplido con la palabra empe\u00f1ada porque tambi\u00e9n, como dije otras veces, creo que hay que cuidar la palabra\u00bb, concluy\u00f3.<\/p>\n\n\n\n<figure class=\"wp-block-embed is-type-wp-embed is-provider-sector-prensa wp-block-embed-sector-prensa\"><div class=\"wp-block-embed__wrapper\">\n<blockquote class=\"wp-embedded-content\" data-secret=\"x38o6xQcbH\"><a href=\"https:\/\/sectorprensa.com.ar\/2023\/08\/02\/dolar-blue-dalbon-denuncio-cuevas-proveedoras-en-caba\/\">D\u00f3lar blue: Dalb\u00f3n denunci\u00f3 \u00abcuevas\u00bb proveedoras en CABA<\/a><\/blockquote><iframe loading=\"lazy\" class=\"wp-embedded-content\" sandbox=\"allow-scripts\" security=\"restricted\" style=\"position: absolute; clip: rect(1px, 1px, 1px, 1px);\" title=\"\u00abD\u00f3lar blue: Dalb\u00f3n denunci\u00f3 \u00abcuevas\u00bb proveedoras en CABA\u00bb \u2014 Sector Prensa\" src=\"https:\/\/sectorprensa.com.ar\/2023\/08\/02\/dolar-blue-dalbon-denuncio-cuevas-proveedoras-en-caba\/embed\/#?secret=wLYs2MppFb#?secret=x38o6xQcbH\" data-secret=\"x38o6xQcbH\" width=\"600\" height=\"338\" frameborder=\"0\" marginwidth=\"0\" marginheight=\"0\" scrolling=\"no\"><\/iframe>\n<\/div><\/figure>\n\r\n","protected":false},"excerpt":{"rendered":"<p>El ex Presidente Mauricio Macri expres\u00f3 en sus redes sociales que \u00abcada uno es due\u00f1o de sus decisiones\u00bb y \u00abno<\/p>\n","protected":false},"author":5,"featured_media":56526,"comment_status":"closed","ping_status":"closed","sticky":false,"template":"","format":"standard","meta":{"colormag_page_container_layout":"default_layout","colormag_page_sidebar_layout":"default_layout","footnotes":""},"categories":[17,8],"tags":[7152,285],"class_list":["post-56520","post","type-post","status-publish","format-standard","has-post-thumbnail","hentry","category-destacadas","category-politica","tag-maria-eugenia-vidal-2","tag-mauricio-macri"],"_links":{"self":[{"href":"https:\/\/sectorprensa.com.ar\/index.php?rest_route=\/wp\/v2\/posts\/56520","targetHints":{"allow":["GET"]}}],"collection":[{"href":"https:\/\/sectorprensa.com.ar\/index.php?rest_route=\/wp\/v2\/posts"}],"about":[{"href":"https:\/\/sectorprensa.com.ar\/index.php?rest_route=\/wp\/v2\/types\/post"}],"author":[{"embeddable":true,"href":"https:\/\/sectorprensa.com.ar\/index.php?rest_route=\/wp\/v2\/users\/5"}],"replies":[{"embeddable":true,"href":"https:\/\/sectorprensa.com.ar\/index.php?rest_route=%2Fwp%2Fv2%2Fcomments&post=56520"}],"version-history":[{"count":1,"href":"https:\/\/sectorprensa.com.ar\/index.php?rest_route=\/wp\/v2\/posts\/56520\/revisions"}],"predecessor-version":[{"id":56528,"href":"https:\/\/sectorprensa.com.ar\/index.php?rest_route=\/wp\/v2\/posts\/56520\/revisions\/56528"}],"wp:featuredmedia":[{"embeddable":true,"href":"https:\/\/sectorprensa.com.ar\/index.php?rest_route=\/wp\/v2\/media\/56526"}],"wp:attachment":[{"href":"https:\/\/sectorprensa.com.ar\/index.php?rest_route=%2Fwp%2Fv2%2Fmedia&parent=56520"}],"wp:term":[{"taxonomy":"category","embeddable":true,"href":"https:\/\/sectorprensa.com.ar\/index.php?rest_route=%2Fwp%2Fv2%2Fcategories&post=56520"},{"taxonomy":"post_tag","embeddable":true,"href":"https:\/\/sectorprensa.com.ar\/index.php?rest_route=%2Fwp%2Fv2%2Ftags&post=56520"}],"curies":[{"name":"wp","href":"https:\/\/api.w.org\/{rel}","templated":true}]}}